{"id":6586,"date":"2014-12-18T13:32:11","date_gmt":"2014-12-18T13:32:11","guid":{"rendered":"http:\/\/www.ecuadoraldia.com.ec\/?p=6586"},"modified":"2014-12-18T13:32:11","modified_gmt":"2014-12-18T13:32:11","slug":"el-oportunismo-de-ismael-blanco-prolonga-el-suspenso-de-la-final","status":"publish","type":"post","link":"https:\/\/www.ecuadoraldia.com.ec\/?p=6586","title":{"rendered":"El oportunismo de Ismael Blanco prolonga el suspenso de la final\u00a0"},"content":{"rendered":"<figure id=\"attachment_6587\" aria-describedby=\"caption-attachment-6587\" style=\"width: 300px\" class=\"wp-caption alignleft\"><a href=\"http:\/\/www.ecuadoraldia.com.ec\/wp-content\/uploads\/2014\/12\/clasic.jpg\"><img loading=\"lazy\" decoding=\"async\" class=\"size-medium wp-image-6587\" src=\"http:\/\/www.ecuadoraldia.com.ec\/wp-content\/uploads\/2014\/12\/clasic-300x199.jpg\" alt=\"Ismael Blanco le \u2018amarg\u00f3\u2019 una vez m\u00e1s la noche a Emelec. El delantero argentino marc\u00f3 ayer, a los 88 minutos, el tanto que le dio el empate 1-1 a Barcelona sobre los \u2018el\u00e9ctricos\u2019.\" width=\"300\" height=\"199\" srcset=\"https:\/\/www.ecuadoraldia.com.ec\/wp-content\/uploads\/2014\/12\/clasic-300x199.jpg 300w, https:\/\/www.ecuadoraldia.com.ec\/wp-content\/uploads\/2014\/12\/clasic.jpg 599w\" sizes=\"(max-width: 300px) 100vw, 300px\" \/><\/a><figcaption id=\"caption-attachment-6587\" class=\"wp-caption-text\">Ismael Blanco le \u2018amarg\u00f3\u2019 una vez m\u00e1s la noche a Emelec. El delantero argentino marc\u00f3 ayer, a los 88 minutos, el tanto que le dio el empate 1-1 a Barcelona sobre los \u2018el\u00e9ctricos\u2019.<\/figcaption><\/figure>\n<p style=\"text-align: justify;\">El empate prolonga el suspenso y lo traslada al estadio Capwell, donde este domingo (16:30) se disputar\u00e1 el partido decisivo que definir\u00e1 al campe\u00f3n de la temporada. El tanto en condici\u00f3n de visitantes les da una leve ventaja a los azules debido a que vale doble, seg\u00fan la reglamentaci\u00f3n de la Federaci\u00f3n Ecuatoriana de F\u00fatbol (FEF). Un empate sin goles o un triunfo por cualquier marcador los convertir\u00eda en los monarcas del f\u00fatbol nacional.<\/p>\n<p style=\"text-align: justify;\">Barcelona, por su parte, est\u00e1 obligado a marcar en la \u2018Caldera\u2019. Un empate 1-1 conducir\u00eda la serie a penales, mientras que la igualdad por m\u00e1s de un gol por bando le dar\u00eda la corona a Barcelona. Una victoria por cualquier marcador tambi\u00e9n le sirve a los amarillos para asegurar su estrella 15.<\/p>\n<p style=\"text-align: justify;\">Blanco se ha acostumbrado en este segundo semestre del a\u00f1o a marcarle a Emelec. Se ha convertido en una suerte de verdugo, ya que le marc\u00f3 en los dos cl\u00e1sicos de la segunda etapa. El \u2018Zorro\u2019, como lo apodan, mostr\u00f3 ayer una de las cualidades que identifican a todo delantero: el oportunismo.<\/p>\n<p style=\"text-align: justify;\">Emelec se fue con \u201cbronca\u201d del partido, puesto que hasta antes de los 88 minutos ten\u00eda el triunfo asegurado. Es m\u00e1s, considerando el nivel de juego que mostr\u00f3 Barcelona, los \u2018el\u00e9ctricos\u2019 pudieron haber ganado por 2 o m\u00e1s goles. Emelec fue superior a los \u2018toreros\u2019, pero aquello no se reflej\u00f3 en el resultado.<br \/>\nEl estratega argentino Gustavo Quinteros le dio una instrucci\u00f3n clara al juvenil Robert Burbano y al paraguayo Fernando Gim\u00e9nez. Los dos recibieron la tarea de bloquear, por las bandas derecha e izquierda, a los laterales de Barcelona: Giovanny Nazareno y Pedro Pablo Velasco, que en otros partidos fueron un aporte significativo en el juego ofensivo \u2018canario\u2019.<\/p>\n<p style=\"text-align: justify;\">Ese control que logr\u00f3 Emelec por las bandas, sumado a los constantes errores en los que cay\u00f3 la zona de volantes del cuadro local, ayud\u00f3 a que los dirigidos por Quinteros asumieran la iniciativa de juego. Lo hicieron con toques precisos y triangulaciones que por momentos hac\u00edan ver impotentes a los volantes de marca amarillos.<\/p>\n<p style=\"text-align: justify;\">La idea b\u00e1sica del planteamiento azul fue sostener el control de la pelota el mayor tiempo posible y cerrarle los espacios a Barcelona. Durante el primer tiempo y en los primeros minutos del segundo, la t\u00e1ctica dio resultado.<\/p>\n<p style=\"text-align: justify;\">En Barcelona, en la primera etapa, los errores fueron constantes. Luis Caicedo, que fue sustituido en el entretiempo, perdi\u00f3 el bal\u00f3n o lo entreg\u00f3 mal en 5 ocasiones. A Luis Checa y \u00c1lex Bola\u00f1os tambi\u00e9n les cost\u00f3 entregar la pelota con precisi\u00f3n y salir de su \u00e1rea con el esf\u00e9rico dominado.<\/p>\n<p style=\"text-align: justify;\">En el mediocampo del equipo que dirige Rub\u00e9n Israel prim\u00f3 m\u00e1s la lucha que el buen trato de pelota. Incluso Mat\u00edas Oyola, uno de los s\u00edmbolos del cuadro local, no tuvo ayer un buen partido. Quiz\u00e1 por el desgaste que demand\u00f3 el cotejo del domingo pasado ante la Universidad Cat\u00f3lica en Quito, o porque la marca de Emelec en esa zona fue escalonada y constante.<\/p>\n<p style=\"text-align: justify;\">La falta de ideas para crear jugadas de peligro oblig\u00f3 a Barcelona a recurrir al pelotazo como argumento. Pero esa no fue la mejor opci\u00f3n, debido a que los centrales de Emelec estuvieron precisos para rechazar la pelota y muy concentrados para el anticipo.<\/p>\n<p style=\"text-align: justify;\">En el segundo tiempo, Israel ley\u00f3 bien el partido. Se dio cuenta de que el juvenil Aar\u00f3n Pe\u00f1afiel no era un aporte significativo en ataque y que Luis Caicedo era innecesario, ya que la decisi\u00f3n era atacar y buscar el tanto del empate. Y lleg\u00f3.<\/p>\n<p style=\"text-align: justify;\">En lugar de los dos ingresaron Michael Jackson Qui\u00f1\u00f3nez y Ely Esterilla, que le dieron m\u00e1s movilidad al medio campo. (El tel\u00e9grafo)<\/p>\n","protected":false},"excerpt":{"rendered":"<p>El empate prolonga el suspenso y lo traslada al estadio Capwell, donde este domingo (16:30) se disputar\u00e1 el partido decisivo<\/p>\n","protected":false},"author":1,"featured_media":0,"comment_status":"open","ping_status":"open","sticky":false,"template":"","format":"standard","meta":{"footnotes":""},"categories":[10],"tags":[],"_links":{"self":[{"href":"https:\/\/www.ecuadoraldia.com.ec\/index.php?rest_route=\/wp\/v2\/posts\/6586"}],"collection":[{"href":"https:\/\/www.ecuadoraldia.com.ec\/index.php?rest_route=\/wp\/v2\/posts"}],"about":[{"href":"https:\/\/www.ecuadoraldia.com.ec\/index.php?rest_route=\/wp\/v2\/types\/post"}],"author":[{"embeddable":true,"href":"https:\/\/www.ecuadoraldia.com.ec\/index.php?rest_route=\/wp\/v2\/users\/1"}],"replies":[{"embeddable":true,"href":"https:\/\/www.ecuadoraldia.com.ec\/index.php?rest_route=%2Fwp%2Fv2%2Fcomments&post=6586"}],"version-history":[{"count":1,"href":"https:\/\/www.ecuadoraldia.com.ec\/index.php?rest_route=\/wp\/v2\/posts\/6586\/revisions"}],"predecessor-version":[{"id":6588,"href":"https:\/\/www.ecuadoraldia.com.ec\/index.php?rest_route=\/wp\/v2\/posts\/6586\/revisions\/6588"}],"wp:attachment":[{"href":"https:\/\/www.ecuadoraldia.com.ec\/index.php?rest_route=%2Fwp%2Fv2%2Fmedia&parent=6586"}],"wp:term":[{"taxonomy":"category","embeddable":true,"href":"https:\/\/www.ecuadoraldia.com.ec\/index.php?rest_route=%2Fwp%2Fv2%2Fcategories&post=6586"},{"taxonomy":"post_tag","embeddable":true,"href":"https:\/\/www.ecuadoraldia.com.ec\/index.php?rest_route=%2Fwp%2Fv2%2Ftags&post=6586"}],"curies":[{"name":"wp","href":"https:\/\/api.w.org\/{rel}","templated":true}]}}