{"id":6589,"date":"2014-12-18T13:38:56","date_gmt":"2014-12-18T13:38:56","guid":{"rendered":"http:\/\/www.ecuadoraldia.com.ec\/?p=6589"},"modified":"2014-12-18T13:38:56","modified_gmt":"2014-12-18T13:38:56","slug":"fuga-de-amoniaco-en-el-puerto-de-manta-deja-tres-heridos","status":"publish","type":"post","link":"https:\/\/www.ecuadoraldia.com.ec\/?p=6589","title":{"rendered":"Fuga de amon\u00edaco en el puerto de Manta deja tres heridos"},"content":{"rendered":"<p><a href=\"http:\/\/www.ecuadoraldia.com.ec\/wp-content\/uploads\/2014\/12\/barco-manta.jpg\"><img loading=\"lazy\" decoding=\"async\" class=\"alignleft size-medium wp-image-6590\" src=\"http:\/\/www.ecuadoraldia.com.ec\/wp-content\/uploads\/2014\/12\/barco-manta-300x184.jpg\" alt=\"barco manta\" width=\"300\" height=\"184\" srcset=\"https:\/\/www.ecuadoraldia.com.ec\/wp-content\/uploads\/2014\/12\/barco-manta-300x184.jpg 300w, https:\/\/www.ecuadoraldia.com.ec\/wp-content\/uploads\/2014\/12\/barco-manta.jpg 450w\" sizes=\"(max-width: 300px) 100vw, 300px\" \/><\/a>Un incidente ocurrido, aparentemente, en el circuito de enfriamiento con el gas amon\u00edaco habr\u00eda provocado la fuga del gas en el barco Alfredo H, acoderado en el muelle marginal del puerto de Manta.<\/p>\n<p>Ocurri\u00f3 ayer, a las 11:30, mientras estibadores descargaban la pesca. Aquello lo confirm\u00f3 el capit\u00e1n del puerto de Manta, Jos\u00e9 Marcos Vaca, quien acudi\u00f3 al lugar. \u201cNo hubo mayores afectados. Para efectos de control, los afectados fueron trasladados por elementos del Cuerpo de Bomberos hasta el hospital Rafael Rodr\u00edguez Zambrano\u201d, se\u00f1al\u00f3.<\/p>\n<p>Las personas lesionadas son los hermanos Roddy y Freddy Alvarado y Pa\u00fal Alexander Ch\u00e1vez, quienes fueron atendidos en la casa de salud y, seg\u00fan personal m\u00e9dico, permanecen estables.<\/p>\n<p>Esta es la tercera fuga de amon\u00edaco en lo que va del a\u00f1o en la terminal mar\u00edtima. La m\u00e1s grave fue la del 23 de abril en el barco Betty Elizabeth donde hubo fallecidos y personas gravemente afectadas.<\/p>\n<p>La otra ocurri\u00f3 en octubre en el buque pesquero Giulietta, la cual dej\u00f3 heridas a dos personas, y que fue controlada por estibadores quienes han sido capacitados en este tipo de emergencias. \/ El Tel\u00e9grafo<\/p>\n","protected":false},"excerpt":{"rendered":"<p>Un incidente ocurrido, aparentemente, en el circuito de enfriamiento con el gas amon\u00edaco habr\u00eda provocado la fuga del gas en<\/p>\n","protected":false},"author":1,"featured_media":0,"comment_status":"open","ping_status":"open","sticky":false,"template":"","format":"standard","meta":{"footnotes":""},"categories":[1],"tags":[],"_links":{"self":[{"href":"https:\/\/www.ecuadoraldia.com.ec\/index.php?rest_route=\/wp\/v2\/posts\/6589"}],"collection":[{"href":"https:\/\/www.ecuadoraldia.com.ec\/index.php?rest_route=\/wp\/v2\/posts"}],"about":[{"href":"https:\/\/www.ecuadoraldia.com.ec\/index.php?rest_route=\/wp\/v2\/types\/post"}],"author":[{"embeddable":true,"href":"https:\/\/www.ecuadoraldia.com.ec\/index.php?rest_route=\/wp\/v2\/users\/1"}],"replies":[{"embeddable":true,"href":"https:\/\/www.ecuadoraldia.com.ec\/index.php?rest_route=%2Fwp%2Fv2%2Fcomments&post=6589"}],"version-history":[{"count":1,"href":"https:\/\/www.ecuadoraldia.com.ec\/index.php?rest_route=\/wp\/v2\/posts\/6589\/revisions"}],"predecessor-version":[{"id":6591,"href":"https:\/\/www.ecuadoraldia.com.ec\/index.php?rest_route=\/wp\/v2\/posts\/6589\/revisions\/6591"}],"wp:attachment":[{"href":"https:\/\/www.ecuadoraldia.com.ec\/index.php?rest_route=%2Fwp%2Fv2%2Fmedia&parent=6589"}],"wp:term":[{"taxonomy":"category","embeddable":true,"href":"https:\/\/www.ecuadoraldia.com.ec\/index.php?rest_route=%2Fwp%2Fv2%2Fcategories&post=6589"},{"taxonomy":"post_tag","embeddable":true,"href":"https:\/\/www.ecuadoraldia.com.ec\/index.php?rest_route=%2Fwp%2Fv2%2Ftags&post=6589"}],"curies":[{"name":"wp","href":"https:\/\/api.w.org\/{rel}","templated":true}]}}