{"id":6592,"date":"2014-12-18T13:49:05","date_gmt":"2014-12-18T13:49:05","guid":{"rendered":"http:\/\/www.ecuadoraldia.com.ec\/?p=6592"},"modified":"2014-12-18T13:49:05","modified_gmt":"2014-12-18T13:49:05","slug":"financiamiento-frances-para-el-cambio-de-matriz-productiva","status":"publish","type":"post","link":"https:\/\/www.ecuadoraldia.com.ec\/?p=6592","title":{"rendered":"Financiamiento franc\u00e9s para el cambio de matriz productiva"},"content":{"rendered":"<p><a href=\"http:\/\/www.ecuadoraldia.com.ec\/wp-content\/uploads\/2014\/12\/Francia-ecuador.jpg\"><img loading=\"lazy\" decoding=\"async\" class=\"alignleft size-full wp-image-6593\" src=\"http:\/\/www.ecuadoraldia.com.ec\/wp-content\/uploads\/2014\/12\/Francia-ecuador.jpg\" alt=\"Francia ecuador\" width=\"300\" height=\"165\" \/><\/a>Este mi\u00e9rcoles 17 de diciembre, el Embajador Leonardo Ar\u00edzaga, Ministro de Relaciones Exteriores y Movilidad Humana, Subrogante, en el marco de la visita que realiza al pa\u00eds el Secretario de Estado para el Comercio Exterior de Francia, Se\u00f1or Mathias Fekl, suscribi\u00f3 un convenio a nombre del Gobierno del Ecuador, con el objetivo de que se instale en el pa\u00eds una oficina de la Agencia francesa de Desarrollo, AFD.<\/p>\n<p>Es la primera vez que una oficina de la AFD tendr\u00e1 sede en nuestro pa\u00eds y es un resultado concreto de la visita que el Presidente Rafael Correa realiz\u00f3 a Francia en noviembre del 2013. El objetivo de la referida agencia es financiar proyectos de desarrollo social, a trav\u00e9s del Ministerio de Finanzas del Ecuador, cuya finalidad sea, entre otros, el cambio de matriz productiva y energ\u00e9tica.<\/p>\n<p>Financiamiento franc\u00e9s para el cambio de matriz productiva En los actuales momentos ya se encuentra identificado un proyecto de transmisi\u00f3n de energ\u00eda el\u00e9ctrica, cuyo financiamiento alcanza los US$ 100 millones. Asimismo, existen varios proyectos en carpeta que podr\u00edan ser financiados por la referida agencia.<\/p>\n<p>Con la suscripci\u00f3n del aludido instrumento, la oficina de la Agencia Francesa de Desarrollo podr\u00e1 analizar y constatar los avances de los proyectos financiados, puesto que contar\u00e1 con personal especializado para dichas tareas.<\/p>\n<p>Adicionalmente, el Secretario Fekl se reunir\u00e1 con el se\u00f1or Vicepresidente y los Ministros de Sectores Estrat\u00e9gicos, Producci\u00f3n, Turismo y Comercio Exterior, a fin de tratar temas relacionados con la cooperaci\u00f3n bilateral.(Cancilleria)<\/p>\n<p>&nbsp;<\/p>\n<p>&nbsp;<\/p>\n<p>&nbsp;<\/p>\n","protected":false},"excerpt":{"rendered":"<p>Este mi\u00e9rcoles 17 de diciembre, el Embajador Leonardo Ar\u00edzaga, Ministro de Relaciones Exteriores y Movilidad Humana, Subrogante, en el marco<\/p>\n","protected":false},"author":1,"featured_media":0,"comment_status":"open","ping_status":"open","sticky":false,"template":"","format":"standard","meta":{"footnotes":""},"categories":[1],"tags":[],"_links":{"self":[{"href":"https:\/\/www.ecuadoraldia.com.ec\/index.php?rest_route=\/wp\/v2\/posts\/6592"}],"collection":[{"href":"https:\/\/www.ecuadoraldia.com.ec\/index.php?rest_route=\/wp\/v2\/posts"}],"about":[{"href":"https:\/\/www.ecuadoraldia.com.ec\/index.php?rest_route=\/wp\/v2\/types\/post"}],"author":[{"embeddable":true,"href":"https:\/\/www.ecuadoraldia.com.ec\/index.php?rest_route=\/wp\/v2\/users\/1"}],"replies":[{"embeddable":true,"href":"https:\/\/www.ecuadoraldia.com.ec\/index.php?rest_route=%2Fwp%2Fv2%2Fcomments&post=6592"}],"version-history":[{"count":1,"href":"https:\/\/www.ecuadoraldia.com.ec\/index.php?rest_route=\/wp\/v2\/posts\/6592\/revisions"}],"predecessor-version":[{"id":6594,"href":"https:\/\/www.ecuadoraldia.com.ec\/index.php?rest_route=\/wp\/v2\/posts\/6592\/revisions\/6594"}],"wp:attachment":[{"href":"https:\/\/www.ecuadoraldia.com.ec\/index.php?rest_route=%2Fwp%2Fv2%2Fmedia&parent=6592"}],"wp:term":[{"taxonomy":"category","embeddable":true,"href":"https:\/\/www.ecuadoraldia.com.ec\/index.php?rest_route=%2Fwp%2Fv2%2Fcategories&post=6592"},{"taxonomy":"post_tag","embeddable":true,"href":"https:\/\/www.ecuadoraldia.com.ec\/index.php?rest_route=%2Fwp%2Fv2%2Ftags&post=6592"}],"curies":[{"name":"wp","href":"https:\/\/api.w.org\/{rel}","templated":true}]}}