{"id":6595,"date":"2014-12-18T13:54:55","date_gmt":"2014-12-18T13:54:55","guid":{"rendered":"http:\/\/www.ecuadoraldia.com.ec\/?p=6595"},"modified":"2014-12-18T13:54:55","modified_gmt":"2014-12-18T13:54:55","slug":"mas-de-5-mil-productos-no-pagaran-aranceles-en-la-ue","status":"publish","type":"post","link":"https:\/\/www.ecuadoraldia.com.ec\/?p=6595","title":{"rendered":"M\u00e1s de 5 mil productos no pagar\u00e1n aranceles en la UE"},"content":{"rendered":"<p style=\"text-align: justify;\"><a href=\"http:\/\/www.ecuadoraldia.com.ec\/wp-content\/uploads\/2014\/12\/foro.jpg\"><img loading=\"lazy\" decoding=\"async\" class=\"alignleft size-medium wp-image-6596\" src=\"http:\/\/www.ecuadoraldia.com.ec\/wp-content\/uploads\/2014\/12\/foro-300x200.jpg\" alt=\"foro\" width=\"300\" height=\"200\" srcset=\"https:\/\/www.ecuadoraldia.com.ec\/wp-content\/uploads\/2014\/12\/foro-300x200.jpg 300w, https:\/\/www.ecuadoraldia.com.ec\/wp-content\/uploads\/2014\/12\/foro.jpg 700w\" sizes=\"(max-width: 300px) 100vw, 300px\" \/><\/a>El Parlamento Europeo (PE) aprob\u00f3 ayer una extensi\u00f3n a las preferencias arancelarias para que Ecuador contin\u00fae exportando sus productos a ese mercado sin restricciones por dos a\u00f1os, inform\u00f3 el Ministerio de Comercio Exterior.<\/p>\n<p style=\"text-align: justify;\">Esto pone fin a una de las mayores preocupaciones del sector exportador, pues el sistema fenec\u00eda el 31 de diciembre de 2014 dejando sin dichos beneficios a los productos m\u00e1s representativos del pa\u00eds.<\/p>\n<p style=\"text-align: justify;\">La semana pasada la Comisi\u00f3n de Comercio Internacional del PE aprob\u00f3 el reglamento que viabilizaba la extensi\u00f3n, considerando que dentro de los pr\u00f3ximos 24 meses entrar\u00eda en vigencia el acuerdo entre Ecuador y la Uni\u00f3n Europea (UE), firmado a mediados de a\u00f1o.<\/p>\n<p style=\"text-align: justify;\">El presidente de la Rep\u00fablica, Rafael Correa, se refiri\u00f3 al tema en su cuenta de Twitter y envi\u00f3 felicitaciones al equipo negociador ecuatoriano. \u201cSeguimos prepar\u00e1ndonos para un a\u00f1o duro, pero juntos saldremos adelante\u201d, expres\u00f3.<\/p>\n<p style=\"text-align: justify;\">En su momento, el Mandatario destac\u00f3 la importancia de lograr un acuerdo con la UE para evitar que los productos ecuatorianos pierdan competitividad en el mercado.<\/p>\n<p style=\"text-align: justify;\">La Federaci\u00f3n Ecuatoriana de Exportadores (Fedexpor) calcul\u00f3 que el perjuicio econ\u00f3mico, si es que se perd\u00edan las preferencias, hubiera estado en el orden de los $ 70 millones mensuales en gastos arancelarios.<\/p>\n<p style=\"text-align: justify;\">At\u00fan y jugos de frutas habr\u00edan enfrentado aranceles del 25% y 35% de no haberse reanudado las preferencias, y en el caso del camar\u00f3n un 12% para el producto congelado, y 18% para el cocido.<\/p>\n<p style=\"text-align: justify;\">Seg\u00fan Jos\u00e9 Antonio Campuzano, presidente de la C\u00e1mara Nacional de Acuacultura, esto hubiera dejado \u201cfuera del mercado\u201d al camar\u00f3n ecuatoriano, cuyo principal destino es la UE, con 200 millones de libras.<\/p>\n<p style=\"text-align: justify;\">El camar\u00f3n continuar\u00eda ingresando a este mercado con el 3,6% de arancel.<\/p>\n<p style=\"text-align: justify;\">El n\u00famero de productos que sale de Ecuador con destino a la UE sin restricciones bordea los 5.000, salvo el banano que goza de una protecci\u00f3n por parte de Europa.<\/p>\n<p style=\"text-align: justify;\">Si bien la extensi\u00f3n de las preferencias no modifica la situaci\u00f3n del banano ecuatoriano, se espera que el acuerdo multipartes genere un impacto positivo en la competitividad de la fruta, ya que se exportar\u00e1 con los mismos precios que lo hacen actualmente Per\u00fa, Colombia y Costa Rica como socios comerciales de ese bloque, esto es 117 euros por tonelada.<\/p>\n<p style=\"text-align: justify;\">Este a\u00f1o cada caja de banano cost\u00f3 54 centavos m\u00e1s que la proveniente de dichos pa\u00edses competidores, y para 2015 el monto alcanzar\u00e1 los 64 centavos, dijo Eduardo Ledesma, presidente de la Asociaci\u00f3n de Exportadores de Banano de Ecuador (AEBE).<\/p>\n<p style=\"text-align: justify;\">En general, la expectativa en torno a la entrada en vigencia del acuerdo es grande. Antonio Ruales, director ejecutivo de ProEcuador, coment\u00f3 que durante una misi\u00f3n empresarial realizada por el organismo a Alemania, y que cont\u00f3 con la presencia de compradores de diferentes pa\u00edses de la UE, se generaron proyecciones de al menos $ 18,5 millones en nuevos negocios, principalmente para el sector de alimentos, como frutas naturales y productos de mar.<\/p>\n<p style=\"text-align: justify;\">Durante los pr\u00f3ximos 3 meses el documento del acuerdo comercial estar\u00e1 en proceso de traducci\u00f3n a 28 idiomas, luego de que el ministro de Comercio Exterior ecuatoriano, Francisco Rivadeneira, y la comisaria europea de Comercio, Cecilia Malmstrom, rubricaran el texto en una ceremonia en la sede de la Comisi\u00f3n Europea (CE), en B\u00e9lgica.<\/p>\n<p style=\"text-align: justify;\">Seg\u00fan datos del Banco Central del Ecuador (BCE), en 2013 el pa\u00eds export\u00f3 un total de $ 2.762 millones a ese bloque comercial.<\/p>\n<p style=\"text-align: justify;\">Los productos que generaron mayores ventas fueron banano, camar\u00f3n, flores, cacao y caf\u00e9, mientras que los principales destinos fueron Holanda, Alemania, Francia, Espa\u00f1a e Italia.<\/p>\n<p style=\"text-align: justify;\">Luego de la aprobaci\u00f3n de las preferencias para Ecuador se espera su publicaci\u00f3n en el Registro Oficial de la UE para que entren en vigencia el 1 de enero de 2015. \/ El Tel\u00e9grafo<\/p>\n","protected":false},"excerpt":{"rendered":"<p>El Parlamento Europeo (PE) aprob\u00f3 ayer una extensi\u00f3n a las preferencias arancelarias para que Ecuador contin\u00fae exportando sus productos a<\/p>\n","protected":false},"author":1,"featured_media":0,"comment_status":"open","ping_status":"open","sticky":false,"template":"","format":"standard","meta":{"footnotes":""},"categories":[9],"tags":[],"_links":{"self":[{"href":"https:\/\/www.ecuadoraldia.com.ec\/index.php?rest_route=\/wp\/v2\/posts\/6595"}],"collection":[{"href":"https:\/\/www.ecuadoraldia.com.ec\/index.php?rest_route=\/wp\/v2\/posts"}],"about":[{"href":"https:\/\/www.ecuadoraldia.com.ec\/index.php?rest_route=\/wp\/v2\/types\/post"}],"author":[{"embeddable":true,"href":"https:\/\/www.ecuadoraldia.com.ec\/index.php?rest_route=\/wp\/v2\/users\/1"}],"replies":[{"embeddable":true,"href":"https:\/\/www.ecuadoraldia.com.ec\/index.php?rest_route=%2Fwp%2Fv2%2Fcomments&post=6595"}],"version-history":[{"count":1,"href":"https:\/\/www.ecuadoraldia.com.ec\/index.php?rest_route=\/wp\/v2\/posts\/6595\/revisions"}],"predecessor-version":[{"id":6597,"href":"https:\/\/www.ecuadoraldia.com.ec\/index.php?rest_route=\/wp\/v2\/posts\/6595\/revisions\/6597"}],"wp:attachment":[{"href":"https:\/\/www.ecuadoraldia.com.ec\/index.php?rest_route=%2Fwp%2Fv2%2Fmedia&parent=6595"}],"wp:term":[{"taxonomy":"category","embeddable":true,"href":"https:\/\/www.ecuadoraldia.com.ec\/index.php?rest_route=%2Fwp%2Fv2%2Fcategories&post=6595"},{"taxonomy":"post_tag","embeddable":true,"href":"https:\/\/www.ecuadoraldia.com.ec\/index.php?rest_route=%2Fwp%2Fv2%2Ftags&post=6595"}],"curies":[{"name":"wp","href":"https:\/\/api.w.org\/{rel}","templated":true}]}}