{"id":6598,"date":"2014-12-18T14:19:04","date_gmt":"2014-12-18T14:19:04","guid":{"rendered":"http:\/\/www.ecuadoraldia.com.ec\/?p=6598"},"modified":"2014-12-18T14:19:04","modified_gmt":"2014-12-18T14:19:04","slug":"colombia-gobierno-valora-cese-el-fuego-de-farc-pero-no-acepta-exigencia-de-verificacion","status":"publish","type":"post","link":"https:\/\/www.ecuadoraldia.com.ec\/?p=6598","title":{"rendered":"Colombia: gobierno valora cese el fuego de FARC, pero no acepta exigencia de verificaci\u00f3n"},"content":{"rendered":"<p style=\"text-align: justify;\"><a href=\"http:\/\/www.ecuadoraldia.com.ec\/wp-content\/uploads\/2014\/12\/elsanto.jpg\"><img loading=\"lazy\" decoding=\"async\" class=\"alignleft size-medium wp-image-6599\" src=\"http:\/\/www.ecuadoraldia.com.ec\/wp-content\/uploads\/2014\/12\/elsanto-300x202.jpg\" alt=\"elsanto\" width=\"300\" height=\"202\" srcset=\"https:\/\/www.ecuadoraldia.com.ec\/wp-content\/uploads\/2014\/12\/elsanto-300x202.jpg 300w, https:\/\/www.ecuadoraldia.com.ec\/wp-content\/uploads\/2014\/12\/elsanto.jpg 450w\" sizes=\"(max-width: 300px) 100vw, 300px\" \/><\/a>Agencia AFP. El gobierno de Colombia asegur\u00f3 este jueves que la tregua unilateral indefinida anunciada por las FARC es un \u00abbuen inicio\u00bb para desescalar el conflicto armado, aunque mantuvo su negativa para ordenar un cese del fuego bilateral en el marco de las negociaciones de paz en Cuba.<\/p>\n<p style=\"text-align: justify;\">\u00abEl Gobierno Nacional valora en toda su dimensi\u00f3n esa decisi\u00f3n, que va en la direcci\u00f3n correcta\u00bb, se\u00f1al\u00f3 la Casa de Nari\u00f1o en un comunicado.<\/p>\n<p style=\"text-align: justify;\">\u00abEste es un buen inicio para un proceso de desescalamiento de hostilidades en el territorio nacional que desemboque, si llegamos a un Acuerdo Final para la Terminaci\u00f3n del Conflicto, en un cese del fuego y de hostilidades bilateral y definitivo con su debida verificaci\u00f3n\u00bb, dijo la Presidencia de Colombia.<\/p>\n<p style=\"text-align: justify;\">\u00abA este paso inicial se le deben sumar, a la mayor brevedad posible, las medidas de desescalamiento que se han venido discutiendo en La Habana\u00bb, agreg\u00f3 el texto, emitido un d\u00eda despu\u00e9s de que la guerrilla Fuerzas Armadas Revolucionarias de Colombia (FARC) anunciara una tregua unilateral por tiempo indefinido, a partir del 20 de diciembre.<\/p>\n<p style=\"text-align: justify;\">Las FARC, principal grupo insurgente de Colombia con unos 8.000 combatientes seg\u00fan cifras oficiales, adelantan con el gobierno colombiano negociaciones de paz en La Habana desde noviembre de 2012.<\/p>\n<p style=\"text-align: justify;\">Esa guerrilla de m\u00e1s de 50 a\u00f1os de antig\u00fcedad condicion\u00f3 el mi\u00e9rcoles la continuidad de la tregua unilateral a que sus estructuras no fueran \u00abobjeto de ataques por parte de la fuerza p\u00fablica\u00bb y pidi\u00f3 una veedur\u00eda internacional que constate el \u00ab\u00e9xito\u00bb de su decisi\u00f3n.<\/p>\n<p style=\"text-align: justify;\">Sin embargo, la administraci\u00f3n del presidente Juan Manuel Santos aclar\u00f3 que \u00abno acepta\u00bb esa exigencia de verificaci\u00f3n.<\/p>\n<p style=\"text-align: justify;\">\u00abEstamos dispuestos a iniciar la discusi\u00f3n sobre el tema de verificaci\u00f3n para el eventual cese bilateral y definitivo cuando se de inicio formalmente a la discusi\u00f3n\u00bb sobre el fin del conflicto, agreg\u00f3 el texto de Presidencia.<\/p>\n<p style=\"text-align: justify;\">Durante los dos a\u00f1os de di\u00e1logos en los que se han llegado a acuerdos parciales sobre desarrollo rural, participaci\u00f3n pol\u00edtica y drogas il\u00edcitas, Santos ha negado la posibilidad de ordenar un cese bilateral del fuego, aduciendo que esa decisi\u00f3n dar\u00eda ventajas a las FARC para fortalecerse.<\/p>\n<p style=\"text-align: justify;\">\u00abEl Gobierno evaluar\u00e1 el cumplimiento de esta decisi\u00f3n por parte de las FARC. El pa\u00eds no puede ni quiere repetir experiencias del pasado, en las que anuncios de cese al fuego s\u00f3lo fueron cumplidos parcialmente\u00bb, agreg\u00f3 el documento.<\/p>\n<p style=\"text-align: justify;\">\u00abToda actividad armada y toda amenaza contra la poblaci\u00f3n civil debe cesar\u00bb, insisti\u00f3 el comunicado.<\/p>\n","protected":false},"excerpt":{"rendered":"<p>Agencia AFP. El gobierno de Colombia asegur\u00f3 este jueves que la tregua unilateral indefinida anunciada por las FARC es un<\/p>\n","protected":false},"author":1,"featured_media":0,"comment_status":"open","ping_status":"open","sticky":false,"template":"","format":"standard","meta":{"footnotes":""},"categories":[7],"tags":[],"_links":{"self":[{"href":"https:\/\/www.ecuadoraldia.com.ec\/index.php?rest_route=\/wp\/v2\/posts\/6598"}],"collection":[{"href":"https:\/\/www.ecuadoraldia.com.ec\/index.php?rest_route=\/wp\/v2\/posts"}],"about":[{"href":"https:\/\/www.ecuadoraldia.com.ec\/index.php?rest_route=\/wp\/v2\/types\/post"}],"author":[{"embeddable":true,"href":"https:\/\/www.ecuadoraldia.com.ec\/index.php?rest_route=\/wp\/v2\/users\/1"}],"replies":[{"embeddable":true,"href":"https:\/\/www.ecuadoraldia.com.ec\/index.php?rest_route=%2Fwp%2Fv2%2Fcomments&post=6598"}],"version-history":[{"count":1,"href":"https:\/\/www.ecuadoraldia.com.ec\/index.php?rest_route=\/wp\/v2\/posts\/6598\/revisions"}],"predecessor-version":[{"id":6600,"href":"https:\/\/www.ecuadoraldia.com.ec\/index.php?rest_route=\/wp\/v2\/posts\/6598\/revisions\/6600"}],"wp:attachment":[{"href":"https:\/\/www.ecuadoraldia.com.ec\/index.php?rest_route=%2Fwp%2Fv2%2Fmedia&parent=6598"}],"wp:term":[{"taxonomy":"category","embeddable":true,"href":"https:\/\/www.ecuadoraldia.com.ec\/index.php?rest_route=%2Fwp%2Fv2%2Fcategories&post=6598"},{"taxonomy":"post_tag","embeddable":true,"href":"https:\/\/www.ecuadoraldia.com.ec\/index.php?rest_route=%2Fwp%2Fv2%2Ftags&post=6598"}],"curies":[{"name":"wp","href":"https:\/\/api.w.org\/{rel}","templated":true}]}}