{"id":6601,"date":"2014-12-18T14:21:30","date_gmt":"2014-12-18T14:21:30","guid":{"rendered":"http:\/\/www.ecuadoraldia.com.ec\/?p=6601"},"modified":"2014-12-18T14:21:30","modified_gmt":"2014-12-18T14:21:30","slug":"digale-al-comandante-en-jefe-que-aqui-estamos-para-seguir-cumpliendo-en-lo-que-haga-falta","status":"publish","type":"post","link":"https:\/\/www.ecuadoraldia.com.ec\/?p=6601","title":{"rendered":"\u00abD\u00edgale al comandante en jefe que aqu\u00ed estamos, para seguir cumpliendo en lo que haga falta\u00bb"},"content":{"rendered":"<p style=\"text-align: justify;\"><a href=\"http:\/\/www.ecuadoraldia.com.ec\/wp-content\/uploads\/2014\/12\/los-5.jpg\"><img loading=\"lazy\" decoding=\"async\" class=\"alignleft size-medium wp-image-6602\" src=\"http:\/\/www.ecuadoraldia.com.ec\/wp-content\/uploads\/2014\/12\/los-5-300x199.jpg\" alt=\"los 5\" width=\"300\" height=\"199\" srcset=\"https:\/\/www.ecuadoraldia.com.ec\/wp-content\/uploads\/2014\/12\/los-5-300x199.jpg 300w, https:\/\/www.ecuadoraldia.com.ec\/wp-content\/uploads\/2014\/12\/los-5.jpg 800w\" sizes=\"(max-width: 300px) 100vw, 300px\" \/><\/a>Vestido con su uniforme de general, el presidente Ra\u00fal Castro recibi\u00f3 a los tres agentes que forman parte del denominado grupo de &#8216;Los Cinco&#8217;. Foto: Estudios Revoluci\u00f3n cedida a AFP<\/p>\n<p style=\"text-align: justify;\">Agencia AFP. El presidente de Cuba, Ra\u00fal Castro, recibi\u00f3 el mi\u00e9rcoles a su llegada a La Habana a Antonio Guerrero, Gerardo Hern\u00e1ndez y Ram\u00f3n Laba\u00f1ino, los tres agentes cubanos liberados por Estados Unidos, seg\u00fan im\u00e1genes divulgadas por la televisi\u00f3n local.<\/p>\n<p style=\"text-align: justify;\">Vestido con su uniforme de general, Castro abraz\u00f3 varias veces a los tres agentes a su arribo al aeropuerto internacional de La Habana y les dijo: \u00aborgullosos de ustedes por la resistencia que mostraron, por el valor y el ejemplo que representa eso para todos\u00bb.<\/p>\n<p style=\"text-align: justify;\">Castro hab\u00eda informado al mediod\u00eda de la liberaci\u00f3n de los tres agentes, del contratista estadounidense Alan Gross, detenido en la isla desde 2009, y de un esp\u00eda estadounidense de origen cubano, cuyo nombre no fue revelado, en la misma comparecencia televisiva en la que anunci\u00f3 la normalizaci\u00f3n de las relaciones entre Cuba y Estados Unidos, tras m\u00e1s de medio siglo de enfrentamientos.<\/p>\n<p style=\"text-align: justify;\">\u00abGeneral, estamos todav\u00eda emocionados, no nos salen las palabras, pero la que sobra es gracias\u00bb, dijo a Castro el agente Hern\u00e1ndez, un graduado de Relaciones Internacionales que estaba sentenciado a dos cadenas perpetuas m\u00e1s 15 a\u00f1os de c\u00e1rcel.<\/p>\n<p style=\"text-align: justify;\">\u00abD\u00edgale al comandante en jefe (Fidel Castro) que aqu\u00ed estamos, para seguir cumpliendo en lo que haga falta\u00bb, dijo por su parte Guerrero, un ingeniero en construcci\u00f3n de aer\u00f3dromos que purgaba una condena de 22 a\u00f1os de c\u00e1rcel y cinco a\u00f1os de libertad condicional.<\/p>\n<p style=\"text-align: justify;\">Especialmente emotivos, seg\u00fan las im\u00e1genes de televisi\u00f3n, fueron el abrazo de Hern\u00e1ndez con su esposa Adriana P\u00e9rez, quien no pudo visitarlo en Estados Unidos pues Washington nunca le concedi\u00f3 la visa, y la visita de Laba\u00f1ino, un economista que estaba condenado a una cadena perpetua m\u00e1s 18 a\u00f1os de c\u00e1rcel, a la tumba de su madre en un cementerio en el oeste de La Habana.<\/p>\n<p style=\"text-align: justify;\">Guerrero, Hern\u00e1ndez y Laba\u00f1ino formaban parte de un grupo de cinco agentes que fueron detenidos en 1998 y condenados en 2001 por un tribunal de Miami, un basti\u00f3n del anticastrismo.<\/p>\n<p style=\"text-align: justify;\">Cuba reconoci\u00f3 que eran sus agentes, pero aleg\u00f3 que no espiaban a Estados Unidos sino a grupos anticastristas que preparaban atentados en la isla, y el Parlamento cubano los declar\u00f3 \u00abH\u00e9roes de la Rep\u00fablica de Cuba\u00bb.<\/p>\n<p>Los otros dos agentes, Ren\u00e9 Gonz\u00e1lez y Fernando Gonz\u00e1lez, quienes regresaron a la isla en 2013 y en febrero pasado, respectivamente, tras cumplir sus condenas, tambi\u00e9n participaron en el recibimiento de este mi\u00e9rcoles.<\/p>\n","protected":false},"excerpt":{"rendered":"<p>Vestido con su uniforme de general, el presidente Ra\u00fal Castro recibi\u00f3 a los tres agentes que forman parte del denominado<\/p>\n","protected":false},"author":1,"featured_media":0,"comment_status":"open","ping_status":"open","sticky":false,"template":"","format":"standard","meta":{"footnotes":""},"categories":[7],"tags":[],"_links":{"self":[{"href":"https:\/\/www.ecuadoraldia.com.ec\/index.php?rest_route=\/wp\/v2\/posts\/6601"}],"collection":[{"href":"https:\/\/www.ecuadoraldia.com.ec\/index.php?rest_route=\/wp\/v2\/posts"}],"about":[{"href":"https:\/\/www.ecuadoraldia.com.ec\/index.php?rest_route=\/wp\/v2\/types\/post"}],"author":[{"embeddable":true,"href":"https:\/\/www.ecuadoraldia.com.ec\/index.php?rest_route=\/wp\/v2\/users\/1"}],"replies":[{"embeddable":true,"href":"https:\/\/www.ecuadoraldia.com.ec\/index.php?rest_route=%2Fwp%2Fv2%2Fcomments&post=6601"}],"version-history":[{"count":1,"href":"https:\/\/www.ecuadoraldia.com.ec\/index.php?rest_route=\/wp\/v2\/posts\/6601\/revisions"}],"predecessor-version":[{"id":6603,"href":"https:\/\/www.ecuadoraldia.com.ec\/index.php?rest_route=\/wp\/v2\/posts\/6601\/revisions\/6603"}],"wp:attachment":[{"href":"https:\/\/www.ecuadoraldia.com.ec\/index.php?rest_route=%2Fwp%2Fv2%2Fmedia&parent=6601"}],"wp:term":[{"taxonomy":"category","embeddable":true,"href":"https:\/\/www.ecuadoraldia.com.ec\/index.php?rest_route=%2Fwp%2Fv2%2Fcategories&post=6601"},{"taxonomy":"post_tag","embeddable":true,"href":"https:\/\/www.ecuadoraldia.com.ec\/index.php?rest_route=%2Fwp%2Fv2%2Ftags&post=6601"}],"curies":[{"name":"wp","href":"https:\/\/api.w.org\/{rel}","templated":true}]}}