{"id":6604,"date":"2014-12-18T14:29:41","date_gmt":"2014-12-18T14:29:41","guid":{"rendered":"http:\/\/www.ecuadoraldia.com.ec\/?p=6604"},"modified":"2014-12-18T14:29:41","modified_gmt":"2014-12-18T14:29:41","slug":"claro-y-movistar-deberan-pagar-multas-por-redondeo","status":"publish","type":"post","link":"https:\/\/www.ecuadoraldia.com.ec\/?p=6604","title":{"rendered":"Claro y Movistar deber\u00e1n pagar multas por redondeo"},"content":{"rendered":"<p style=\"text-align: justify;\"><a href=\"http:\/\/www.ecuadoraldia.com.ec\/wp-content\/uploads\/2014\/12\/multasxr.jpg\"><img loading=\"lazy\" decoding=\"async\" class=\"alignleft size-medium wp-image-6605\" src=\"http:\/\/www.ecuadoraldia.com.ec\/wp-content\/uploads\/2014\/12\/multasxr-300x164.jpg\" alt=\"multasxr\" width=\"300\" height=\"164\" srcset=\"https:\/\/www.ecuadoraldia.com.ec\/wp-content\/uploads\/2014\/12\/multasxr-300x164.jpg 300w, https:\/\/www.ecuadoraldia.com.ec\/wp-content\/uploads\/2014\/12\/multasxr.jpg 450w\" sizes=\"(max-width: 300px) 100vw, 300px\" \/><\/a>El nuevo proyecto de Ley de Telecomunicaciones fue aprobado ayer en la Asamblea Nacional con 93 votos a favor y 25 en contra. La norma pasar\u00e1 al Ejecutivo para su sanci\u00f3n u objeci\u00f3n.<\/p>\n<p style=\"text-align: justify;\">La ley incluye una disposici\u00f3n transitoria que establece que la Agencia de Regulaci\u00f3n y Control de las Telecomunicaciones (ARCT) determine un procedimiento de cobro a las empresas de telefon\u00eda m\u00f3vil Otecel (Movistar), y Conecel (Claro), por las deudas que mantienen desde 1999 con sus usuarios debido al redondeo en los cobros.<\/p>\n<p style=\"text-align: justify;\">La propuesta fue presentada por la legisladora de PAIS, Alexandra Ocles, quien explic\u00f3 que el redondeo o aproximaci\u00f3n en el cobro de planillas de telefon\u00eda celular consist\u00eda en que las empresas facturaban como un minuto m\u00e1s los segundos que se utilizaba en el servicio.<\/p>\n<p style=\"text-align: justify;\">Esto fue derogado en la Ley Org\u00e1nica de Defensa del Consumidor, que exige que la facturaci\u00f3n se haga por el tiempo real expresado en minutos y segundos, seg\u00fan corresponda. Bajo estas circunstancias, la normativa indica que las empresas operadoras Conecel y Otecel, dentro del plazo de 90 d\u00edas contados a partir de la fecha de publicaci\u00f3n de la presente Ley en el Registro Oficial, deber\u00e1n devolver dichos valores m\u00e1s los intereses legales a trav\u00e9s de la ARCT.\/ Tel\u00e9grafo<\/p>\n","protected":false},"excerpt":{"rendered":"<p>El nuevo proyecto de Ley de Telecomunicaciones fue aprobado ayer en la Asamblea Nacional con 93 votos a favor y<\/p>\n","protected":false},"author":1,"featured_media":0,"comment_status":"open","ping_status":"open","sticky":false,"template":"","format":"standard","meta":{"footnotes":""},"categories":[9,3],"tags":[],"_links":{"self":[{"href":"https:\/\/www.ecuadoraldia.com.ec\/index.php?rest_route=\/wp\/v2\/posts\/6604"}],"collection":[{"href":"https:\/\/www.ecuadoraldia.com.ec\/index.php?rest_route=\/wp\/v2\/posts"}],"about":[{"href":"https:\/\/www.ecuadoraldia.com.ec\/index.php?rest_route=\/wp\/v2\/types\/post"}],"author":[{"embeddable":true,"href":"https:\/\/www.ecuadoraldia.com.ec\/index.php?rest_route=\/wp\/v2\/users\/1"}],"replies":[{"embeddable":true,"href":"https:\/\/www.ecuadoraldia.com.ec\/index.php?rest_route=%2Fwp%2Fv2%2Fcomments&post=6604"}],"version-history":[{"count":1,"href":"https:\/\/www.ecuadoraldia.com.ec\/index.php?rest_route=\/wp\/v2\/posts\/6604\/revisions"}],"predecessor-version":[{"id":6606,"href":"https:\/\/www.ecuadoraldia.com.ec\/index.php?rest_route=\/wp\/v2\/posts\/6604\/revisions\/6606"}],"wp:attachment":[{"href":"https:\/\/www.ecuadoraldia.com.ec\/index.php?rest_route=%2Fwp%2Fv2%2Fmedia&parent=6604"}],"wp:term":[{"taxonomy":"category","embeddable":true,"href":"https:\/\/www.ecuadoraldia.com.ec\/index.php?rest_route=%2Fwp%2Fv2%2Fcategories&post=6604"},{"taxonomy":"post_tag","embeddable":true,"href":"https:\/\/www.ecuadoraldia.com.ec\/index.php?rest_route=%2Fwp%2Fv2%2Ftags&post=6604"}],"curies":[{"name":"wp","href":"https:\/\/api.w.org\/{rel}","templated":true}]}}