{"id":6610,"date":"2014-12-18T14:40:34","date_gmt":"2014-12-18T14:40:34","guid":{"rendered":"http:\/\/www.ecuadoraldia.com.ec\/?p=6610"},"modified":"2014-12-18T14:41:33","modified_gmt":"2014-12-18T14:41:33","slug":"otra-narcoavioneta-y-droga-se-incauta-la-policia-en-balao","status":"publish","type":"post","link":"https:\/\/www.ecuadoraldia.com.ec\/?p=6610","title":{"rendered":"Otra narcoavioneta y droga se incauta la Polic\u00eda en Balao"},"content":{"rendered":"<p style=\"text-align: justify;\"><a href=\"http:\/\/www.ecuadoraldia.com.ec\/wp-content\/uploads\/2014\/12\/Narcoavioneta-Balao.jpg\"><img loading=\"lazy\" decoding=\"async\" class=\"alignleft size-medium wp-image-6611\" src=\"http:\/\/www.ecuadoraldia.com.ec\/wp-content\/uploads\/2014\/12\/Narcoavioneta-Balao-300x127.jpg\" alt=\"Narcoavioneta-Balao\" width=\"300\" height=\"127\" srcset=\"https:\/\/www.ecuadoraldia.com.ec\/wp-content\/uploads\/2014\/12\/Narcoavioneta-Balao-300x127.jpg 300w, https:\/\/www.ecuadoraldia.com.ec\/wp-content\/uploads\/2014\/12\/Narcoavioneta-Balao.jpg 620w\" sizes=\"(max-width: 300px) 100vw, 300px\" \/><\/a>El ministro del Interior Jos\u00e9 Serrano inform\u00f3 esta ma\u00f1ana en su cuenta de Twitter que la Polic\u00eda Nacional descubri\u00f3 otra avioneta destinada al tr\u00e1fico de drogas en una pista privada en el cant\u00f3n Balao, provincia del Guayas. Ese cant\u00f3n es una zona bananera.<\/p>\n<p>Tambi\u00e9n se incaut\u00f3 350 paquetes de droga. Hace dos semanas, dos narcoavionetas fueron detectadas por la Polic\u00eda en la provincia de Los R\u00edos.(La republica.ec)<\/p>\n","protected":false},"excerpt":{"rendered":"<p>El ministro del Interior Jos\u00e9 Serrano inform\u00f3 esta ma\u00f1ana en su cuenta de Twitter que la Polic\u00eda Nacional descubri\u00f3 otra<\/p>\n","protected":false},"author":1,"featured_media":0,"comment_status":"open","ping_status":"open","sticky":false,"template":"","format":"standard","meta":{"footnotes":""},"categories":[1],"tags":[],"_links":{"self":[{"href":"https:\/\/www.ecuadoraldia.com.ec\/index.php?rest_route=\/wp\/v2\/posts\/6610"}],"collection":[{"href":"https:\/\/www.ecuadoraldia.com.ec\/index.php?rest_route=\/wp\/v2\/posts"}],"about":[{"href":"https:\/\/www.ecuadoraldia.com.ec\/index.php?rest_route=\/wp\/v2\/types\/post"}],"author":[{"embeddable":true,"href":"https:\/\/www.ecuadoraldia.com.ec\/index.php?rest_route=\/wp\/v2\/users\/1"}],"replies":[{"embeddable":true,"href":"https:\/\/www.ecuadoraldia.com.ec\/index.php?rest_route=%2Fwp%2Fv2%2Fcomments&post=6610"}],"version-history":[{"count":3,"href":"https:\/\/www.ecuadoraldia.com.ec\/index.php?rest_route=\/wp\/v2\/posts\/6610\/revisions"}],"predecessor-version":[{"id":6614,"href":"https:\/\/www.ecuadoraldia.com.ec\/index.php?rest_route=\/wp\/v2\/posts\/6610\/revisions\/6614"}],"wp:attachment":[{"href":"https:\/\/www.ecuadoraldia.com.ec\/index.php?rest_route=%2Fwp%2Fv2%2Fmedia&parent=6610"}],"wp:term":[{"taxonomy":"category","embeddable":true,"href":"https:\/\/www.ecuadoraldia.com.ec\/index.php?rest_route=%2Fwp%2Fv2%2Fcategories&post=6610"},{"taxonomy":"post_tag","embeddable":true,"href":"https:\/\/www.ecuadoraldia.com.ec\/index.php?rest_route=%2Fwp%2Fv2%2Ftags&post=6610"}],"curies":[{"name":"wp","href":"https:\/\/api.w.org\/{rel}","templated":true}]}}