{"id":6621,"date":"2014-12-18T15:00:25","date_gmt":"2014-12-18T15:00:25","guid":{"rendered":"http:\/\/www.ecuadoraldia.com.ec\/?p=6621"},"modified":"2014-12-18T23:51:10","modified_gmt":"2014-12-18T23:51:10","slug":"inicia-campana-de-informacion-dirigida-a-personas-en-situacion-de-movilidad-humana","status":"publish","type":"post","link":"https:\/\/www.ecuadoraldia.com.ec\/?p=6621","title":{"rendered":"Inicia campa\u00f1a de informaci\u00f3n dirigida a personas en situaci\u00f3n de Movilidad Humana"},"content":{"rendered":"<p style=\"text-align: justify;\"><a href=\"http:\/\/www.ecuadoraldia.com.ec\/wp-content\/uploads\/2014\/12\/movilidad-humana.jpg\"><img loading=\"lazy\" decoding=\"async\" class=\"alignleft size-medium wp-image-6622\" src=\"http:\/\/www.ecuadoraldia.com.ec\/wp-content\/uploads\/2014\/12\/movilidad-humana-300x200.jpg\" alt=\"movilidad humana\" width=\"300\" height=\"200\" srcset=\"https:\/\/www.ecuadoraldia.com.ec\/wp-content\/uploads\/2014\/12\/movilidad-humana-300x200.jpg 300w, https:\/\/www.ecuadoraldia.com.ec\/wp-content\/uploads\/2014\/12\/movilidad-humana.jpg 420w\" sizes=\"(max-width: 300px) 100vw, 300px\" \/><\/a>Como un homenaje al D\u00eda Internacional del Migrante, que se celebra el 18 de diciembre, el Centro de Ayuda al Migrante (CEFAMM) y la asamble\u00edsta Dora Aguirre, representante por Europa, Asia y Ocean\u00eda y la Defensor\u00eda del Pueblo presentaron la campa\u00f1a \u201cACERCANDO FRONTERAS\u2013ACORTANDO DISTANCIAS\u2019\u2019, cuyo objetivo es dar respuesta a las consultas que permanentemente realizan tanto inmigrantes como compatriotas que retornan a nuestro pa\u00eds, especialmente en esta temporada de navidad y fin de a\u00f1o.<\/p>\n<p style=\"text-align: justify;\">La asamble\u00edsta Aguirre se\u00f1al\u00f3 que la campa\u00f1a, que contar\u00e1 con cinco puntos de informaci\u00f3n ubicados en lugares estrat\u00e9gicos de Quito, se realizar\u00e1 desde el 18 de diciembre de 2014 hasta el 28 de febrero de 2015, cuya finalidad es dar a conocer a toda la poblaci\u00f3n en situaci\u00f3n de movilidad humana (emigrantes, inmigrantes, retornados, refugiados, v\u00edctimas de trata y tr\u00e1fico, desplazados, etc.) los derechos y los debidos procesos que se deben realizar a la hora de gestionar tr\u00e1mites en diferentes entidades.<\/p>\n<p style=\"text-align: justify;\">De su parte, Flor Mar\u00eda Haro, presidenta de CEFAMM, destac\u00f3 que esta campa\u00f1a se enmarca en las acciones realizadas por la entidad que a diario atiende consultas en el \u00e1mbito de la movilidad humana y que en el a\u00f1o 2012, ubic\u00f3 varias mesas de informaci\u00f3n en lugares estrat\u00e9gicos para las personas migrantes.<\/p>\n<p style=\"text-align: justify;\">Resalt\u00f3 el importante apoyo de instituciones como la Defensor\u00eda del Pueblo del Ecuador, que ha colaborado en la realizaci\u00f3n de esta campa\u00f1a enfocada en promover los derechos y obligaciones de las personas en movilidad humana en nuestro pa\u00eds.<\/p>\n<p style=\"text-align: justify;\">Dora Aguirre indic\u00f3 que para la realizaci\u00f3n de esta campa\u00f1a se ha contado con el apoyo de instituciones como la Defensor\u00eda del Pueblo del Ecuador, Ministerio de Relaciones Exteriores y Movilidad Humana, Corporaci\u00f3n Quiport, Servicio de Rentas Internas, Instituto Ecuatoriano de Seguridad Social (IESS), Secretar\u00eda Nacional de Aduanas del Ecuador, Ministerio de Inclusi\u00f3n Econ\u00f3mica y Social, Ministerio del Interior, Correos del Ecuador, Defensor\u00eda P\u00fablica, Registro Civil, Gobierno Aut\u00f3nomo Descentralizado de Pichincha, que han ofrecido capacitaci\u00f3n a personal de CEFAMM, as\u00ed como material informativo: d\u00edpticos, flyers, afiches, etc. donde constan los servicios que prestan.<\/p>\n<p style=\"text-align: justify;\">Insisti\u00f3 que la mejor forma de celebrar el D\u00eda Internacional del Migrante es dar respuesta a las demandas de los compatriotas, atendiendo sus requerimientos, de tal manera que puedan acceder eficazmente a los diferentes servicios y tr\u00e1mites que ofrecen las instituciones p\u00fablicas.<\/p>\n<p style=\"text-align: justify;\">Finalmente Flor Mar\u00eda Haro dio a conocer que los puntos de informaci\u00f3n se instalar\u00e1n en las afueras del Consulado de Espa\u00f1a en Quito, ubicado en la Avenida Amazonas y La Ni\u00f1a; Consulado de Italia, (calle Carvajal N24-181 y N\u00fa\u00f1ez de Bonilla &#8211; sector La Gasca); Consulado de Estados Unidos, (calle Avigiras E12-170 y Avda. Eloy Alfaro); Aeropuerto Internacional Mariscal Sucre y Ministerio de Relaciones Exteriores y Movilidad Humana, (Asamblea nacional).<\/p>\n","protected":false},"excerpt":{"rendered":"<p>Como un homenaje al D\u00eda Internacional del Migrante, que se celebra el 18 de diciembre, el Centro de Ayuda al<\/p>\n","protected":false},"author":1,"featured_media":0,"comment_status":"open","ping_status":"open","sticky":false,"template":"","format":"standard","meta":{"footnotes":""},"categories":[17],"tags":[],"_links":{"self":[{"href":"https:\/\/www.ecuadoraldia.com.ec\/index.php?rest_route=\/wp\/v2\/posts\/6621"}],"collection":[{"href":"https:\/\/www.ecuadoraldia.com.ec\/index.php?rest_route=\/wp\/v2\/posts"}],"about":[{"href":"https:\/\/www.ecuadoraldia.com.ec\/index.php?rest_route=\/wp\/v2\/types\/post"}],"author":[{"embeddable":true,"href":"https:\/\/www.ecuadoraldia.com.ec\/index.php?rest_route=\/wp\/v2\/users\/1"}],"replies":[{"embeddable":true,"href":"https:\/\/www.ecuadoraldia.com.ec\/index.php?rest_route=%2Fwp%2Fv2%2Fcomments&post=6621"}],"version-history":[{"count":1,"href":"https:\/\/www.ecuadoraldia.com.ec\/index.php?rest_route=\/wp\/v2\/posts\/6621\/revisions"}],"predecessor-version":[{"id":6623,"href":"https:\/\/www.ecuadoraldia.com.ec\/index.php?rest_route=\/wp\/v2\/posts\/6621\/revisions\/6623"}],"wp:attachment":[{"href":"https:\/\/www.ecuadoraldia.com.ec\/index.php?rest_route=%2Fwp%2Fv2%2Fmedia&parent=6621"}],"wp:term":[{"taxonomy":"category","embeddable":true,"href":"https:\/\/www.ecuadoraldia.com.ec\/index.php?rest_route=%2Fwp%2Fv2%2Fcategories&post=6621"},{"taxonomy":"post_tag","embeddable":true,"href":"https:\/\/www.ecuadoraldia.com.ec\/index.php?rest_route=%2Fwp%2Fv2%2Ftags&post=6621"}],"curies":[{"name":"wp","href":"https:\/\/api.w.org\/{rel}","templated":true}]}}