{"id":6624,"date":"2014-12-18T23:47:55","date_gmt":"2014-12-18T23:47:55","guid":{"rendered":"http:\/\/www.ecuadoraldia.com.ec\/?p=6624"},"modified":"2014-12-18T23:49:23","modified_gmt":"2014-12-18T23:49:23","slug":"lista-la-nomina-de-nuevos-jueces-de-la-corte-nacional-de-justicia","status":"publish","type":"post","link":"https:\/\/www.ecuadoraldia.com.ec\/?p=6624","title":{"rendered":"Lista n\u00f3mina de nuevos jueces de la Corte Nacional de Justica"},"content":{"rendered":"<p style=\"text-align: justify;\"><a href=\"http:\/\/www.ecuadoraldia.com.ec\/wp-content\/uploads\/2014\/12\/nomina.jpg\"><img loading=\"lazy\" decoding=\"async\" class=\"alignleft size-medium wp-image-6625\" src=\"http:\/\/www.ecuadoraldia.com.ec\/wp-content\/uploads\/2014\/12\/nomina-300x125.jpg\" alt=\"nomina\" width=\"300\" height=\"125\" srcset=\"https:\/\/www.ecuadoraldia.com.ec\/wp-content\/uploads\/2014\/12\/nomina-300x125.jpg 300w, https:\/\/www.ecuadoraldia.com.ec\/wp-content\/uploads\/2014\/12\/nomina.jpg 369w\" sizes=\"(max-width: 300px) 100vw, 300px\" \/><\/a>El Pleno del Consejo de la Judicatura conoci\u00f3 hoy, 17 de diciembre de 2014, el informe definitivo del Concurso de M\u00e9ritos Oposici\u00f3n, Impugnaci\u00f3n Ciudadana y Control Social, para la renovaci\u00f3n parcial de la Corte Nacional de Justicia (CNJ).<\/p>\n<p style=\"text-align: justify;\">Seg\u00fan el documento, entregado por la Escuela de la Funci\u00f3n Judicial, cuatro hombres y tres mujeres ocupar\u00e1n los cargos en la CNJ desde enero de 2015. Se trata de: Rom\u00e1n Jos\u00e9 Luis Ter\u00e1n Su\u00e1rez (98,5), Ana Mar\u00eda Crespo Santos (97), Luis Manaces Enr\u00edquez Villacres (96,5), Miguel Antonio Jurado Fabara (96,25), Pablo Joaqu\u00edn Tinajero Delgado (95), Cynthia Mar\u00eda Guerrero Mosquera (93,75) y Sylvia Ximena S\u00e1nchez Insuasti (92).<\/p>\n<p style=\"text-align: justify;\">Durante este proceso, que se desarroll\u00f3 en cuatro fases, la Judicatura evalu\u00f3 la formaci\u00f3n acad\u00e9mica, los m\u00e9ritos y el conocimiento de los aspirantes, a trav\u00e9s de pruebas te\u00f3ricas y pr\u00e1cticas. Tambi\u00e9n hubo una entrevista p\u00fablica donde los postulantes explicaron su motivaci\u00f3n para ocupar una de las siete vacantes. La evaluaci\u00f3n cont\u00f3 con el respaldo de un comit\u00e9 de expertos juristas.<\/p>\n<p style=\"text-align: justify;\">El pr\u00f3ximo 23 de enero, el m\u00e1ximo organismo de justicia del pa\u00eds ser\u00e1 renovado, por primera vez, conforme lo establece la norma vigente que se\u00f1ala que este proceso debe cumplirse cada tres a\u00f1os, periodo en el que un tercio de los jueces ser\u00e1 reemplazado.<br \/>\nEl concurso inici\u00f3 en junio de este a\u00f1o, con el registro de 316 postulantes, de los cuales 139 pasaron a la fase de audiencia p\u00fablica e impugnaci\u00f3n ciudadana a la que se presentaron 121 aspirantes (etapa que no fue puntuada). En esta fase, tan solo un postulante qued\u00f3 fuera del proceso y 120 fueron habilitados para rendir la prueba te\u00f3rica a la que se presentaron 97 candidatos. A los ex\u00e1menes pr\u00e1cticos acudieron 89.<\/p>\n<p style=\"text-align: justify;\">Al momento, el CJ eval\u00faa el desempe\u00f1o de las y los jueces nacionales para determinar a los siete administradores de justicia que ser\u00e1n reemplazados en 2015.<\/p>\n","protected":false},"excerpt":{"rendered":"<p>El Pleno del Consejo de la Judicatura conoci\u00f3 hoy, 17 de diciembre de 2014, el informe definitivo del Concurso de<\/p>\n","protected":false},"author":1,"featured_media":0,"comment_status":"open","ping_status":"open","sticky":false,"template":"","format":"standard","meta":{"footnotes":""},"categories":[5],"tags":[],"_links":{"self":[{"href":"https:\/\/www.ecuadoraldia.com.ec\/index.php?rest_route=\/wp\/v2\/posts\/6624"}],"collection":[{"href":"https:\/\/www.ecuadoraldia.com.ec\/index.php?rest_route=\/wp\/v2\/posts"}],"about":[{"href":"https:\/\/www.ecuadoraldia.com.ec\/index.php?rest_route=\/wp\/v2\/types\/post"}],"author":[{"embeddable":true,"href":"https:\/\/www.ecuadoraldia.com.ec\/index.php?rest_route=\/wp\/v2\/users\/1"}],"replies":[{"embeddable":true,"href":"https:\/\/www.ecuadoraldia.com.ec\/index.php?rest_route=%2Fwp%2Fv2%2Fcomments&post=6624"}],"version-history":[{"count":3,"href":"https:\/\/www.ecuadoraldia.com.ec\/index.php?rest_route=\/wp\/v2\/posts\/6624\/revisions"}],"predecessor-version":[{"id":6628,"href":"https:\/\/www.ecuadoraldia.com.ec\/index.php?rest_route=\/wp\/v2\/posts\/6624\/revisions\/6628"}],"wp:attachment":[{"href":"https:\/\/www.ecuadoraldia.com.ec\/index.php?rest_route=%2Fwp%2Fv2%2Fmedia&parent=6624"}],"wp:term":[{"taxonomy":"category","embeddable":true,"href":"https:\/\/www.ecuadoraldia.com.ec\/index.php?rest_route=%2Fwp%2Fv2%2Fcategories&post=6624"},{"taxonomy":"post_tag","embeddable":true,"href":"https:\/\/www.ecuadoraldia.com.ec\/index.php?rest_route=%2Fwp%2Fv2%2Ftags&post=6624"}],"curies":[{"name":"wp","href":"https:\/\/api.w.org\/{rel}","templated":true}]}}