{"id":6632,"date":"2014-12-19T00:00:33","date_gmt":"2014-12-19T00:00:33","guid":{"rendered":"http:\/\/www.ecuadoraldia.com.ec\/?p=6632"},"modified":"2014-12-19T00:00:33","modified_gmt":"2014-12-19T00:00:33","slug":"deportivo-cuenca-ya-no-mantiene-deudas-con-el-sri","status":"publish","type":"post","link":"https:\/\/www.ecuadoraldia.com.ec\/?p=6632","title":{"rendered":"Deportivo Cuenca ya no mantiene deudas con el SRI"},"content":{"rendered":"<p style=\"text-align: justify;\"><a href=\"http:\/\/www.ecuadoraldia.com.ec\/wp-content\/uploads\/2014\/12\/deportivo-cuenca.jpg\"><img loading=\"lazy\" decoding=\"async\" class=\"alignleft size-medium wp-image-6633\" src=\"http:\/\/www.ecuadoraldia.com.ec\/wp-content\/uploads\/2014\/12\/deportivo-cuenca-300x187.jpg\" alt=\"deportivo cuenca\" width=\"300\" height=\"187\" srcset=\"https:\/\/www.ecuadoraldia.com.ec\/wp-content\/uploads\/2014\/12\/deportivo-cuenca-300x187.jpg 300w, https:\/\/www.ecuadoraldia.com.ec\/wp-content\/uploads\/2014\/12\/deportivo-cuenca.jpg 580w\" sizes=\"(max-width: 300px) 100vw, 300px\" \/><\/a>Tras una rueda de prensa desarrollada en las \u00faltimas horas, en la Direcci\u00f3n Zonal 6 del Servicio de Rentas Internas (SRI), se dio a conocer la situaci\u00f3n actual del Club Deportivo Cuenca con la entidad.<\/p>\n<p style=\"text-align: justify;\">De acuerdo a Jaime Ordo\u00f1ez Andrade, direcci\u00f3n regional del Austro del SRI, indic\u00f3 que el Club es un contribuyente libre de deudas con el SRI. Desde el a\u00f1o de 1996 hasta el mes de octubre del 2014, el \u201cExpreso Austral\u201d ha cancelado un valor de 3\u2019265.488, 69 d\u00f3lares.<\/p>\n<p style=\"text-align: justify;\">Este a\u00f1o ha sido el de mayor presi\u00f3n por parte del SRI hacia el Club, porque se dio la retenci\u00f3n de los derechos televisivos e incautaci\u00f3n de taquilla, como medidas cautelares.<\/p>\n<p style=\"text-align: justify;\">Al cancelar el valor de 1\u2019061.589,24 d\u00f3lares que estaba pendiente, el Deportivo Cuenca san\u00f3 sus deudas y por ende terminaron las medidas cautelares. En los pr\u00f3ximos d\u00edas podr\u00e1n cobrar el dinero que se encuentra retenido en la Asociaci\u00f3n de F\u00fatbol del Azuay (AFA).<\/p>\n<p style=\"text-align: justify;\">Los \u201cCamisetas Coloradas\u201d iniciar\u00e1n una nueva temporada del Campeonato Nacional sin deudas a la instituci\u00f3n, aunque deber\u00e1n afrontar un nuevo inconveniente. Para poder cancelar las deudas vendieron el Complejo Deportivo de Patamarca tras una resoluci\u00f3n aceptada por los socios vitalicios y hasta mediados del 2015 podr\u00e1n permanecer en el lugar y posteriormente emigrar\u00e1n a entrenar en otro lugar.<\/p>\n<p style=\"text-align: justify;\">Con el dinero restante se tiene previsto comprar un nuevo terreno para las pr\u00e1cticas del \u201cExpreso Austral\u201d.<\/p>\n<p style=\"text-align: justify;\">Cuando se ingresa a la Consulta del Estado Tributario del SRI con el nombre Club Deportivo Cuenca, se informa que se encuentra al d\u00eda con sus obligaciones. (JFR\/la tarde de Cuenca)<\/p>\n","protected":false},"excerpt":{"rendered":"<p>Tras una rueda de prensa desarrollada en las \u00faltimas horas, en la Direcci\u00f3n Zonal 6 del Servicio de Rentas Internas<\/p>\n","protected":false},"author":1,"featured_media":0,"comment_status":"open","ping_status":"open","sticky":false,"template":"","format":"standard","meta":{"footnotes":""},"categories":[10],"tags":[],"_links":{"self":[{"href":"https:\/\/www.ecuadoraldia.com.ec\/index.php?rest_route=\/wp\/v2\/posts\/6632"}],"collection":[{"href":"https:\/\/www.ecuadoraldia.com.ec\/index.php?rest_route=\/wp\/v2\/posts"}],"about":[{"href":"https:\/\/www.ecuadoraldia.com.ec\/index.php?rest_route=\/wp\/v2\/types\/post"}],"author":[{"embeddable":true,"href":"https:\/\/www.ecuadoraldia.com.ec\/index.php?rest_route=\/wp\/v2\/users\/1"}],"replies":[{"embeddable":true,"href":"https:\/\/www.ecuadoraldia.com.ec\/index.php?rest_route=%2Fwp%2Fv2%2Fcomments&post=6632"}],"version-history":[{"count":1,"href":"https:\/\/www.ecuadoraldia.com.ec\/index.php?rest_route=\/wp\/v2\/posts\/6632\/revisions"}],"predecessor-version":[{"id":6634,"href":"https:\/\/www.ecuadoraldia.com.ec\/index.php?rest_route=\/wp\/v2\/posts\/6632\/revisions\/6634"}],"wp:attachment":[{"href":"https:\/\/www.ecuadoraldia.com.ec\/index.php?rest_route=%2Fwp%2Fv2%2Fmedia&parent=6632"}],"wp:term":[{"taxonomy":"category","embeddable":true,"href":"https:\/\/www.ecuadoraldia.com.ec\/index.php?rest_route=%2Fwp%2Fv2%2Fcategories&post=6632"},{"taxonomy":"post_tag","embeddable":true,"href":"https:\/\/www.ecuadoraldia.com.ec\/index.php?rest_route=%2Fwp%2Fv2%2Ftags&post=6632"}],"curies":[{"name":"wp","href":"https:\/\/api.w.org\/{rel}","templated":true}]}}