{"id":6635,"date":"2014-12-19T00:12:06","date_gmt":"2014-12-19T00:12:06","guid":{"rendered":"http:\/\/www.ecuadoraldia.com.ec\/?p=6635"},"modified":"2014-12-19T00:12:06","modified_gmt":"2014-12-19T00:12:06","slug":"alianza-pais-posesiono-a-sus-autoridades-locales-y-provinciales","status":"publish","type":"post","link":"https:\/\/www.ecuadoraldia.com.ec\/?p=6635","title":{"rendered":"Alianza PAIS posesion\u00f3 a sus\u00a0\u00a0autoridades locales y provinciales"},"content":{"rendered":"<figure id=\"attachment_6636\" aria-describedby=\"caption-attachment-6636\" style=\"width: 300px\" class=\"wp-caption alignleft\"><a href=\"http:\/\/www.ecuadoraldia.com.ec\/wp-content\/uploads\/2014\/12\/pais.jpg\"><img loading=\"lazy\" decoding=\"async\" class=\"size-medium wp-image-6636\" src=\"http:\/\/www.ecuadoraldia.com.ec\/wp-content\/uploads\/2014\/12\/pais-300x199.jpg\" alt=\"El presidente Rafael Correa asisti\u00f3 a la posesi\u00f3n de las nuevas autoridades de PAIS. Foto: Fernando Sandoval\/ EL TEL\u00c9GRAFO\" width=\"300\" height=\"199\" srcset=\"https:\/\/www.ecuadoraldia.com.ec\/wp-content\/uploads\/2014\/12\/pais-300x199.jpg 300w, https:\/\/www.ecuadoraldia.com.ec\/wp-content\/uploads\/2014\/12\/pais.jpg 450w\" sizes=\"(max-width: 300px) 100vw, 300px\" \/><\/a><figcaption id=\"caption-attachment-6636\" class=\"wp-caption-text\">El presidente Rafael Correa asisti\u00f3 a la posesi\u00f3n de las nuevas autoridades de PAIS. Foto: Fernando Sandoval\/ EL TEL\u00c9GRAFO<\/figcaption><\/figure>\n<p style=\"text-align: justify;\">Este jueves por la ma\u00f1ana, el movimiento Alianza PAIS realiz\u00f3 la posesi\u00f3n de las nuevas 1.121 autoridades que representar\u00e1n a la organizaci\u00f3n a nivel nacional.<\/p>\n<p style=\"text-align: justify;\">El encuentro se realiz\u00f3 en el Centro de Exposiciones Quitumbe, al sur de Quito, donde se concentraron m\u00e1s de 1.500 personas que llegaron de diferentes provincias del pa\u00eds.<\/p>\n<p style=\"text-align: justify;\">Asisti\u00f3 el presidente Rafael Correa, como l\u00edder nacional de PAIS, adem\u00e1s del vicepresidente Jorge Glas; la presidenta de la Asamblea, Gabriela Rivadeneira y Doris Soliz, secretaria ejecutiva de la organizaci\u00f3n.<\/p>\n<p style=\"text-align: justify;\">En su discurso, Correa habl\u00f3 sobre los avances del movimiento que ahora es reconocido de manera internacional, tras la encuentro de izquierdas ELAP 2014.<\/p>\n<p style=\"text-align: justify;\">El Mandatario se\u00f1al\u00f3 que la meta del movimiento es conseguir m\u00e1s de 1 mil\u00f3n de adherentes. A los posesionados les dio un mensaje claro: \u00abSi alguien est\u00e1 aqu\u00ed buscando una carrera pol\u00edtica en funci\u00f3n de intereses personales o de grupo, est\u00e1 en el lugar equivocado. Prefiero que seamos menos, pero mejores\u00bb, les dijo.<\/p>\n<p style=\"text-align: justify;\">Correa recalc\u00f3 que por primera vez en la historia del pa\u00eds un movimiento pol\u00edtico realiza elecciones primarias, con padr\u00f3n universal y supervisi\u00f3n del Consejo Nacional Electoral (CNE).<\/p>\n<p style=\"text-align: justify;\">Afirm\u00f3 tambi\u00e9n que el movimiento ind\u00edgena ya no est\u00e1 representado por la Conaie. Anunci\u00f3 que este pr\u00f3ximo s\u00e1bado se referir\u00e1 a la terminaci\u00f3n del comodato de la sede de la Conaie.<\/p>\n<p style=\"text-align: justify;\">Finalmente, el Mandatario afirm\u00f3 que PAIS debe estar junto para las elecciones de 2017 y 2019 para obtener las alcald\u00edas de Quito y Cuenca, que perdieron en las pasadas elecciones seccionales.<\/p>\n<p style=\"text-align: justify;\">Nino Serrano, presidente de la Comisi\u00f3n Electoral de PAIS, agradeci\u00f3 al CNE por el proceso democr\u00e1tico, en el que participaron 1.621 candidatos.<\/p>\n<p style=\"text-align: justify;\">Dijo que hasta la fecha existen 245.000 carnetizados, tras la campa\u00f1a que se realiz\u00f3 hasta noviembre de este a\u00f1o.<\/p>\n<p style=\"text-align: justify;\">Luis Monge, presidente de Organizaci\u00f3n Territorial, destac\u00f3 la instalaci\u00f3n del software en l\u00ednea de PAIS. Coment\u00f3 que el nuevo Sistema de Gesti\u00f3n y Directorio de Alianza PAIS permitir\u00e1 que las autoridades posesionadas interact\u00faen con los pobladores de sus comunidades y est\u00e9n m\u00e1s cerca de sus necesidades.\/tel\u00e9grafo ecuadoraldia<\/p>\n","protected":false},"excerpt":{"rendered":"<p>Este jueves por la ma\u00f1ana, el movimiento Alianza PAIS realiz\u00f3 la posesi\u00f3n de las nuevas 1.121 autoridades que representar\u00e1n a<\/p>\n","protected":false},"author":1,"featured_media":0,"comment_status":"open","ping_status":"open","sticky":false,"template":"","format":"standard","meta":{"footnotes":""},"categories":[3],"tags":[],"_links":{"self":[{"href":"https:\/\/www.ecuadoraldia.com.ec\/index.php?rest_route=\/wp\/v2\/posts\/6635"}],"collection":[{"href":"https:\/\/www.ecuadoraldia.com.ec\/index.php?rest_route=\/wp\/v2\/posts"}],"about":[{"href":"https:\/\/www.ecuadoraldia.com.ec\/index.php?rest_route=\/wp\/v2\/types\/post"}],"author":[{"embeddable":true,"href":"https:\/\/www.ecuadoraldia.com.ec\/index.php?rest_route=\/wp\/v2\/users\/1"}],"replies":[{"embeddable":true,"href":"https:\/\/www.ecuadoraldia.com.ec\/index.php?rest_route=%2Fwp%2Fv2%2Fcomments&post=6635"}],"version-history":[{"count":1,"href":"https:\/\/www.ecuadoraldia.com.ec\/index.php?rest_route=\/wp\/v2\/posts\/6635\/revisions"}],"predecessor-version":[{"id":6637,"href":"https:\/\/www.ecuadoraldia.com.ec\/index.php?rest_route=\/wp\/v2\/posts\/6635\/revisions\/6637"}],"wp:attachment":[{"href":"https:\/\/www.ecuadoraldia.com.ec\/index.php?rest_route=%2Fwp%2Fv2%2Fmedia&parent=6635"}],"wp:term":[{"taxonomy":"category","embeddable":true,"href":"https:\/\/www.ecuadoraldia.com.ec\/index.php?rest_route=%2Fwp%2Fv2%2Fcategories&post=6635"},{"taxonomy":"post_tag","embeddable":true,"href":"https:\/\/www.ecuadoraldia.com.ec\/index.php?rest_route=%2Fwp%2Fv2%2Ftags&post=6635"}],"curies":[{"name":"wp","href":"https:\/\/api.w.org\/{rel}","templated":true}]}}