{"id":6641,"date":"2014-12-19T00:58:15","date_gmt":"2014-12-19T00:58:15","guid":{"rendered":"http:\/\/www.ecuadoraldia.com.ec\/?p=6641"},"modified":"2014-12-19T00:58:15","modified_gmt":"2014-12-19T00:58:15","slug":"rodas-sera-citado-por-la-supercom-por-el-caso-ecuadorinmediato","status":"publish","type":"post","link":"https:\/\/www.ecuadoraldia.com.ec\/?p=6641","title":{"rendered":"Rodas ser\u00e1 citado por la Supercom por el caso Ecuadorinmediato"},"content":{"rendered":"<figure id=\"attachment_6642\" aria-describedby=\"caption-attachment-6642\" style=\"width: 300px\" class=\"wp-caption alignleft\"><a href=\"http:\/\/www.ecuadoraldia.com.ec\/wp-content\/uploads\/2014\/12\/Rodas-concejo1.jpg\"><img loading=\"lazy\" decoding=\"async\" class=\"size-medium wp-image-6642\" src=\"http:\/\/www.ecuadoraldia.com.ec\/wp-content\/uploads\/2014\/12\/Rodas-concejo1-300x156.jpg\" alt=\"foto confirmado.net\" width=\"300\" height=\"156\" srcset=\"https:\/\/www.ecuadoraldia.com.ec\/wp-content\/uploads\/2014\/12\/Rodas-concejo1-300x156.jpg 300w, https:\/\/www.ecuadoraldia.com.ec\/wp-content\/uploads\/2014\/12\/Rodas-concejo1.jpg 500w\" sizes=\"(max-width: 300px) 100vw, 300px\" \/><\/a><figcaption id=\"caption-attachment-6642\" class=\"wp-caption-text\">foto confirmado.net<\/figcaption><\/figure>\n<p style=\"text-align: justify;\">La Superintendencia de la Informaci\u00f3n y Comunicaci\u00f3n (Supercom) convoc\u00f3 a una audiencia de sustanciaci\u00f3n por las demandas por censura previa y atentado a la informaci\u00f3n, presentadas por el sistema informativo Ecuadorinmediato.com contra el alcalde de Quito, Mauricio Rodas.<\/p>\n<p style=\"text-align: justify;\">De acuerdo con la \u00faltima providencia dictada por la Supercom, a trav\u00e9s de la Directora Nacional Jur\u00eddica de Reclamos y Denuncias, Ximena Segura, se establece que una vez aceptadas las demandas interpuestas en el caso, se procede a llamar a una audiencia de sustanciaci\u00f3n, en la cual las partes deber\u00e1n exponer sus motivos de denuncia y defensa en el caso.<\/p>\n<p style=\"text-align: justify;\">Este caso se refiere a la suspensi\u00f3n \u201cilegal\u201d por parte del Municipio de la emisi\u00f3n del programa &#8216;El poder de la palabra&#8217; , que transmite el sistema informativo Ecuadorinmediato.com por su radio online y que se difundi\u00f3 hasta el 16 de mayo por las emisoras p\u00fablicas municipales.<\/p>\n<p style=\"text-align: justify;\">\u201cEl hecho signfic\u00f3 un acto violatorio a la libertad de expresi\u00f3n al procederse con censura previa e impedimiento a la libertad de informaci\u00f3n, conductas sancionadas por la Ley de Comunicaci\u00f3n, a m\u00e1s de romper de facto el convenio legal que amparaba el acuerdo entre Ecuadorinmediato y el Municipio de Quito hasta el 31 de diciembre\u201d, recuerda el portal.<\/p>\n<p style=\"text-align: justify;\">\u00abEl Municipio de Quito no quiso resolver el problema, no acept\u00f3 dar razones para el hecho y se neg\u00f3 a una mediaci\u00f3n legal ante la Procuradur\u00eda. General del Estado\u201d, a\u00f1ade.<\/p>\n<p style=\"text-align: justify;\">La audiencia se realizar\u00e1 el viernes 19 de diciembre, a las 10:00, en la capital. Deber\u00e1n ser citados el acalde Rodas, el procurador s\u00edndico municipal, R\u00f3mulo Garc\u00eda, y el secretario de comunicaci\u00f3n del Municipio, Gandhi Espinosa.<\/p>\n<p style=\"text-align: justify;\">Por el lado de Ecuadorinmediato.com se ha convocado al director general, Francisco Herrera. El portal confirm\u00f3 que asistir\u00e1 a la audiencia \u201cque busca sancionar el ataque a la libertad de expresi\u00f3n que ha sufrido por parte de una autoridad del Estado ecuatoriano\u201d.(Tel\u00e9grafo)<\/p>\n<p>&nbsp;<\/p>\n","protected":false},"excerpt":{"rendered":"<p>La Superintendencia de la Informaci\u00f3n y Comunicaci\u00f3n (Supercom) convoc\u00f3 a una audiencia de sustanciaci\u00f3n por las demandas por censura previa<\/p>\n","protected":false},"author":1,"featured_media":0,"comment_status":"open","ping_status":"open","sticky":false,"template":"","format":"standard","meta":{"footnotes":""},"categories":[1],"tags":[],"_links":{"self":[{"href":"https:\/\/www.ecuadoraldia.com.ec\/index.php?rest_route=\/wp\/v2\/posts\/6641"}],"collection":[{"href":"https:\/\/www.ecuadoraldia.com.ec\/index.php?rest_route=\/wp\/v2\/posts"}],"about":[{"href":"https:\/\/www.ecuadoraldia.com.ec\/index.php?rest_route=\/wp\/v2\/types\/post"}],"author":[{"embeddable":true,"href":"https:\/\/www.ecuadoraldia.com.ec\/index.php?rest_route=\/wp\/v2\/users\/1"}],"replies":[{"embeddable":true,"href":"https:\/\/www.ecuadoraldia.com.ec\/index.php?rest_route=%2Fwp%2Fv2%2Fcomments&post=6641"}],"version-history":[{"count":1,"href":"https:\/\/www.ecuadoraldia.com.ec\/index.php?rest_route=\/wp\/v2\/posts\/6641\/revisions"}],"predecessor-version":[{"id":6643,"href":"https:\/\/www.ecuadoraldia.com.ec\/index.php?rest_route=\/wp\/v2\/posts\/6641\/revisions\/6643"}],"wp:attachment":[{"href":"https:\/\/www.ecuadoraldia.com.ec\/index.php?rest_route=%2Fwp%2Fv2%2Fmedia&parent=6641"}],"wp:term":[{"taxonomy":"category","embeddable":true,"href":"https:\/\/www.ecuadoraldia.com.ec\/index.php?rest_route=%2Fwp%2Fv2%2Fcategories&post=6641"},{"taxonomy":"post_tag","embeddable":true,"href":"https:\/\/www.ecuadoraldia.com.ec\/index.php?rest_route=%2Fwp%2Fv2%2Ftags&post=6641"}],"curies":[{"name":"wp","href":"https:\/\/api.w.org\/{rel}","templated":true}]}}