{"id":6644,"date":"2014-12-19T01:04:02","date_gmt":"2014-12-19T01:04:02","guid":{"rendered":"http:\/\/www.ecuadoraldia.com.ec\/?p=6644"},"modified":"2014-12-19T01:04:02","modified_gmt":"2014-12-19T01:04:02","slug":"comision-aprobo-informe-para-segundo-debate-reformas-a-ley-de-personal-de-ff-aa","status":"publish","type":"post","link":"https:\/\/www.ecuadoraldia.com.ec\/?p=6644","title":{"rendered":"Comisi\u00f3n aprob\u00f3 informe para segundo debate reformas a Ley de personal de FF.AA."},"content":{"rendered":"<p style=\"text-align: justify;\"><a href=\"http:\/\/www.ecuadoraldia.com.ec\/wp-content\/uploads\/2014\/12\/inf-f-a.jpg\"><img loading=\"lazy\" decoding=\"async\" class=\"alignleft size-medium wp-image-6645\" src=\"http:\/\/www.ecuadoraldia.com.ec\/wp-content\/uploads\/2014\/12\/inf-f-a-300x196.jpg\" alt=\"inf f a\" width=\"300\" height=\"196\" srcset=\"https:\/\/www.ecuadoraldia.com.ec\/wp-content\/uploads\/2014\/12\/inf-f-a-300x196.jpg 300w, https:\/\/www.ecuadoraldia.com.ec\/wp-content\/uploads\/2014\/12\/inf-f-a.jpg 450w\" sizes=\"(max-width: 300px) 100vw, 300px\" \/><\/a>La Comisi\u00f3n de Soberan\u00eda y Relaciones Internacionales de la Asamblea aprob\u00f3 el informe para segundo debate del proyecto de reformas a la Ley de Personal de las Fuerzas Armadas, referente a los ascensos y a la clasificaci\u00f3n de los grados militares.<\/p>\n<p style=\"text-align: justify;\">Seg\u00fan el proyecto, los ascensos de los oficiales generales se los har\u00e1 mediante decreto Ejecutivo; de los oficiales superiores: coroneles y capitanes de nav\u00edo, tenientes coroneles, capitanes de fragata, mayores y capitanes de corbeta y a los oficiales subalternos, mediante acuerdo ministerial y los aspirantes a oficiales, personal de tropa, aspirantes a tropa, por resoluci\u00f3n del respectivo comandante general de Fuerza.<\/p>\n<p style=\"text-align: justify;\">Se determina que cuando el militar se encontrare en comisi\u00f3n o ejerciendo funciones en el exterior y debiere ser colocado en disponibilidad o dado de baja, se ordenar\u00e1 su retorno al pa\u00eds en el plazo m\u00e1ximo de 30 d\u00edas y, una vez en \u00e9ste, se expedir\u00e1 el respectivo decreto ejecutivo, acuerdo ministerial o resoluci\u00f3n, seg\u00fan corresponda.<\/p>\n<p style=\"text-align: justify;\">Los cargos de edecanes ser\u00e1n asignados exclusivamente a la Presidenta o Presidente de la Rep\u00fablica, quien determinar\u00e1 sus funciones y el tiempo de su permanencia en el cargo que no podr\u00e1 exceder el tiempo en que se encuentren en servicio activo o en el grado que corresponda.<\/p>\n<p style=\"text-align: justify;\">El Jefe Militar de la Casa Presidencial ejercer\u00e1 este cargo po una sola vez y por el per\u00edodo que el Presidente de la Rep\u00fablica determine.<\/p>\n<p style=\"text-align: justify;\">Para la designaci\u00f3n de edecanes y del Jefe Militar de la Casa Presidencial, el Ministro de Defensa Nacional presentar\u00e1 una terna de candidatos para cada cargo al Presidente de la Rep\u00fablica, de la cual escoger\u00e1 a sus titulares.<\/p>\n<p style=\"text-align: justify;\">Los cargos de ayudante de \u00f3rdenes del Ministro de Defensa Nacional, del Jefe del Comando Conjunto de las Fuerzas Armadas y de los Comandantes de Fuerza, se ejercer\u00e1n por un lapso no mayor de dos a\u00f1os y por una sola vez en toda la carrera militar del oficial.(tel\u00e9grafo)<\/p>\n","protected":false},"excerpt":{"rendered":"<p>La Comisi\u00f3n de Soberan\u00eda y Relaciones Internacionales de la Asamblea aprob\u00f3 el informe para segundo debate del proyecto de reformas<\/p>\n","protected":false},"author":1,"featured_media":0,"comment_status":"open","ping_status":"open","sticky":false,"template":"","format":"standard","meta":{"footnotes":""},"categories":[3],"tags":[],"_links":{"self":[{"href":"https:\/\/www.ecuadoraldia.com.ec\/index.php?rest_route=\/wp\/v2\/posts\/6644"}],"collection":[{"href":"https:\/\/www.ecuadoraldia.com.ec\/index.php?rest_route=\/wp\/v2\/posts"}],"about":[{"href":"https:\/\/www.ecuadoraldia.com.ec\/index.php?rest_route=\/wp\/v2\/types\/post"}],"author":[{"embeddable":true,"href":"https:\/\/www.ecuadoraldia.com.ec\/index.php?rest_route=\/wp\/v2\/users\/1"}],"replies":[{"embeddable":true,"href":"https:\/\/www.ecuadoraldia.com.ec\/index.php?rest_route=%2Fwp%2Fv2%2Fcomments&post=6644"}],"version-history":[{"count":1,"href":"https:\/\/www.ecuadoraldia.com.ec\/index.php?rest_route=\/wp\/v2\/posts\/6644\/revisions"}],"predecessor-version":[{"id":6646,"href":"https:\/\/www.ecuadoraldia.com.ec\/index.php?rest_route=\/wp\/v2\/posts\/6644\/revisions\/6646"}],"wp:attachment":[{"href":"https:\/\/www.ecuadoraldia.com.ec\/index.php?rest_route=%2Fwp%2Fv2%2Fmedia&parent=6644"}],"wp:term":[{"taxonomy":"category","embeddable":true,"href":"https:\/\/www.ecuadoraldia.com.ec\/index.php?rest_route=%2Fwp%2Fv2%2Fcategories&post=6644"},{"taxonomy":"post_tag","embeddable":true,"href":"https:\/\/www.ecuadoraldia.com.ec\/index.php?rest_route=%2Fwp%2Fv2%2Ftags&post=6644"}],"curies":[{"name":"wp","href":"https:\/\/api.w.org\/{rel}","templated":true}]}}