{"id":6647,"date":"2014-12-19T15:02:06","date_gmt":"2014-12-19T15:02:06","guid":{"rendered":"http:\/\/www.ecuadoraldia.com.ec\/?p=6647"},"modified":"2014-12-19T15:02:06","modified_gmt":"2014-12-19T15:02:06","slug":"el-caso-del-periodista-marco-perez-o-la-incoherencia-o-conveniencia-del-poder","status":"publish","type":"post","link":"https:\/\/www.ecuadoraldia.com.ec\/?p=6647","title":{"rendered":"El caso del periodista Marco P\u00e9rez o la incoherencia (o conveniencia) del poder"},"content":{"rendered":"<p style=\"text-align: justify;\"><a href=\"http:\/\/www.ecuadoraldia.com.ec\/wp-content\/uploads\/2014\/12\/mperezt.jpg\"><img loading=\"lazy\" decoding=\"async\" class=\"alignleft size-medium wp-image-6648\" src=\"http:\/\/www.ecuadoraldia.com.ec\/wp-content\/uploads\/2014\/12\/mperezt-300x199.jpg\" alt=\"mperezt\" width=\"300\" height=\"199\" srcset=\"https:\/\/www.ecuadoraldia.com.ec\/wp-content\/uploads\/2014\/12\/mperezt-300x199.jpg 300w, https:\/\/www.ecuadoraldia.com.ec\/wp-content\/uploads\/2014\/12\/mperezt.jpg 625w\" sizes=\"(max-width: 300px) 100vw, 300px\" \/><\/a>Por: Rub\u00e9n Dar\u00edo Buitr\u00f3n<\/p>\n<p style=\"text-align: justify;\">Uno de los programas m\u00e1s escuchados de Radio Universal (emisora incautada a los exbanqueros Isa\u00edas y entregada a la Prefectura de Pichincha) era Alternativa.<\/p>\n<p style=\"text-align: justify;\">Lo dirig\u00eda y conduc\u00eda, a su estilo, el periodista Marco P\u00e9rez Torres, con muchos a\u00f1os de experiencia en radiodifusi\u00f3n popular en la emblem\u00e1tica Radio Tarqui, que hizo historia en las \u00faltimas d\u00e9cadas.<br \/>\nAh\u00ed se cri\u00f3 y desarroll\u00f3 profesionalmente Marco P\u00e9rez. Y nunca dej\u00f3 esa manera de comunicar: decir las cosas como son con el lenguaje de la gente y, lo m\u00e1s importante, escuchar lo que la gente opina, comenta, sugiere, demanda.<br \/>\nEl programa Alternativa surgi\u00f3 y mantuvo ese estilo directo. La denuncia. La conminaci\u00f3n a las autoridades a que rindan cuentas. El decir las cosas como son.<br \/>\nPero, aunque parezca l\u00f3gico, aunque tenga sentido com\u00fan, resulta dif\u00edcil cuando el poder empieza a incomodarse, cuando lo que dice el periodista y lo que dice la gente comienzan a producir malestar en la c\u00fapula.<br \/>\nNo es la primera vez que sucede algo as\u00ed en este a\u00f1o. Recordemos el caso del programa El poder de la palabra, dirigido por Francisco Herrera Ar\u00e1uz, quien denunci\u00f3 que una de las primeras decisiones del alcalde Rodas, el 16 de mayo, fue impedir que el espacio se difundiera por Radio Municipal, pese a que hab\u00eda un contrato legalmente firmado entre el Cabildo y Ecuador Inmediato.<br \/>\nDe vuelta con el caso de P\u00e9rez, el viernes 28 de noviembre fue convocado a una reuni\u00f3n por la gerente de la radio Pichincha Universal, Patricia Salda\u00f1a, junto con la jefa de redacci\u00f3n Isabel Paz y Mi\u00f1o.<br \/>\nSalda\u00f1a no demor\u00f3 en lo quer\u00eda decir: seg\u00fan cuenta Marco P\u00e9rez, sin ning\u00fan papel ni argumento legal, le dijo que le notificaba la decisi\u00f3n de \u201ccerrar temporalmente la emisi\u00f3n del programa Alternativa en consideraci\u00f3n a las reiteradas quejas del alcalde Mauricio Rodas ante el prefecto de Pichincha, Gustavo Baroja\u201d.<br \/>\nLos d\u00edas anteriores, Marco P\u00e9rez hab\u00eda puesto en escena el tema de la telet\u00f3n y la gente que llamaba al programa rechazaba que se imitara la tradici\u00f3n socialcristiana en \u00e9poca navide\u00f1a: hacer una colecta para los pobres. Dar limosna a los pobres. Recoger limosna para los pobres. Con el pretexto que fuese.<br \/>\nEl 3 de diciembre, as\u00ed mismo sin argumento legal alguno, se vuelve a llamar a P\u00e9rez y se le entrega un oficio en el que Pichincha Universal decide, en forma unilateral, terminar el contrato de coproducci\u00f3n que manten\u00eda con la radiodifusora.<br \/>\nP\u00e9rez Torres protest\u00f3: no hubo el debido proceso ni una justificaci\u00f3n legal o de contenido para cerrar el programa de opini\u00f3n.<br \/>\nIndignado, el periodista les respondi\u00f3 que \u201csi el origen de esta censura proviene del alcalde Rodas, lo reto p\u00fablicamente a que, si tiene alguna objeci\u00f3n al contenido que la ciudadan\u00eda emite a trav\u00e9s del programa, acuda a la Supercom y plantee una demanda. Las instancias legales -puntualiza- se resuelven en derecho y no con telefonazos\u201d.<br \/>\nEl caso se agrava cuando los directivos de la radio impiden la emisi\u00f3n del programa del viernes 28 de noviembre, sin previo aviso.<br \/>\nP\u00e9rez Torres recuerda que antes de estos hechos, a mediados de agosto, recibi\u00f3 una llamada de la entonces Directora de Prensa del Municipio de Quito, quien le transmiti\u00f3 la preocupaci\u00f3n del alcalde Mauricio Rodas por los contenidos transmitidos en Alternativa y en las cuentas en redes sociales del periodista.<br \/>\nNarra que la funcionaria le pidi\u00f3 \u201cborrar esos contenidos\u201d y que le invit\u00f3 a su oficina \u201ca tomarse un cafecito y conversar, antes de emprender otro tipo de acciones\u201d.<br \/>\nP\u00e9rez no acudi\u00f3 a esa reuni\u00f3n por considerar que se ejerc\u00eda censura previa sobre su derecho a la expresi\u00f3n y, adem\u00e1s, se le hac\u00eda una velada amenaza.<br \/>\nSin embargo, no se ha callado. Ha hecho plantones, ha ido a lugares p\u00fablicos a denunciar lo ocurrido con su espacio y la gente que lo escuchaba lo est\u00e1 respaldando.<br \/>\nY, sin otro camino para protestar legalmente, ha decidido presentar su queja por censura previa ante la Superintendencia de Comunicaci\u00f3n, como lo han hecho, de forma personal, 18 de sus oyentes.<br \/>\nPero, \u00bfc\u00f3mo entender que el prefecto Gustavo Baroja, uno de los m\u00e1ximos dirigentes de Alianza PAIS, dejara que cerraran el programa del medio p\u00fablico que est\u00e1 a su cargo?<br \/>\n\u00bfCu\u00e1les son, en realidad, las relaciones de poder entre el prefecto y el alcalde para que eso haya sucedido?<br \/>\nSi existe ese acuerdo confidencial entre las autoridades locales (Baroja y Rodas), el caso del periodista Marco P\u00e9rez expresa las incoherencias ideol\u00f3gicas. Y si existe, son las burdas conveniencias del poder.<br \/>\nY deja algo importante en el aire: la Supercom tiene ahora en sus manos una pelota de fuego.<br \/>\n\u00bfSe atrever\u00e1 a sancionar a quien es el m\u00e1ximo responsable de la radio desde lo institucional y que ahora es el l\u00edder de PAIS en Pichincha?\/<\/p>\n<p style=\"text-align: justify;\">M\u00e1s en: http:\/\/rubendariobuitron.wordpress.com\/<\/p>\n","protected":false},"excerpt":{"rendered":"<p>Por: Rub\u00e9n Dar\u00edo Buitr\u00f3n Uno de los programas m\u00e1s escuchados de Radio Universal (emisora incautada a los exbanqueros Isa\u00edas y<\/p>\n","protected":false},"author":1,"featured_media":0,"comment_status":"open","ping_status":"open","sticky":false,"template":"","format":"standard","meta":{"footnotes":""},"categories":[15,3],"tags":[],"_links":{"self":[{"href":"https:\/\/www.ecuadoraldia.com.ec\/index.php?rest_route=\/wp\/v2\/posts\/6647"}],"collection":[{"href":"https:\/\/www.ecuadoraldia.com.ec\/index.php?rest_route=\/wp\/v2\/posts"}],"about":[{"href":"https:\/\/www.ecuadoraldia.com.ec\/index.php?rest_route=\/wp\/v2\/types\/post"}],"author":[{"embeddable":true,"href":"https:\/\/www.ecuadoraldia.com.ec\/index.php?rest_route=\/wp\/v2\/users\/1"}],"replies":[{"embeddable":true,"href":"https:\/\/www.ecuadoraldia.com.ec\/index.php?rest_route=%2Fwp%2Fv2%2Fcomments&post=6647"}],"version-history":[{"count":1,"href":"https:\/\/www.ecuadoraldia.com.ec\/index.php?rest_route=\/wp\/v2\/posts\/6647\/revisions"}],"predecessor-version":[{"id":6649,"href":"https:\/\/www.ecuadoraldia.com.ec\/index.php?rest_route=\/wp\/v2\/posts\/6647\/revisions\/6649"}],"wp:attachment":[{"href":"https:\/\/www.ecuadoraldia.com.ec\/index.php?rest_route=%2Fwp%2Fv2%2Fmedia&parent=6647"}],"wp:term":[{"taxonomy":"category","embeddable":true,"href":"https:\/\/www.ecuadoraldia.com.ec\/index.php?rest_route=%2Fwp%2Fv2%2Fcategories&post=6647"},{"taxonomy":"post_tag","embeddable":true,"href":"https:\/\/www.ecuadoraldia.com.ec\/index.php?rest_route=%2Fwp%2Fv2%2Ftags&post=6647"}],"curies":[{"name":"wp","href":"https:\/\/api.w.org\/{rel}","templated":true}]}}