{"id":6650,"date":"2014-12-19T19:21:31","date_gmt":"2014-12-19T19:21:31","guid":{"rendered":"http:\/\/www.ecuadoraldia.com.ec\/?p=6650"},"modified":"2014-12-19T19:21:31","modified_gmt":"2014-12-19T19:21:31","slug":"ecuador-pone-fin-a-cooperacion-alemana-en-temas-ambientales","status":"publish","type":"post","link":"https:\/\/www.ecuadoraldia.com.ec\/?p=6650","title":{"rendered":"Ecuador pone fin a cooperaci\u00f3n alemana en temas ambientales"},"content":{"rendered":"<p style=\"text-align: justify;\"><a href=\"http:\/\/www.ecuadoraldia.com.ec\/wp-content\/uploads\/2014\/12\/rpati\u00f1o.jpg\"><img loading=\"lazy\" decoding=\"async\" class=\"alignleft size-medium wp-image-6651\" src=\"http:\/\/www.ecuadoraldia.com.ec\/wp-content\/uploads\/2014\/12\/rpati\u00f1o-300x200.jpg\" alt=\"rpati\u00f1o\" width=\"300\" height=\"200\" srcset=\"https:\/\/www.ecuadoraldia.com.ec\/wp-content\/uploads\/2014\/12\/rpati\u00f1o-300x200.jpg 300w, https:\/\/www.ecuadoraldia.com.ec\/wp-content\/uploads\/2014\/12\/rpati\u00f1o.jpg 580w\" sizes=\"(max-width: 300px) 100vw, 300px\" \/><\/a>Quito, 19 dic (Andes).- Ecuador dio por terminada de forma unilateral la cooperaci\u00f3n alemana con esta naci\u00f3n andina en temas ambientales y anunci\u00f3 que devolver\u00e1 7 millones de euros aportados al pa\u00eds, seg\u00fan inform\u00f3 este viernes el canciller Ricardo Pati\u00f1o.<\/p>\n<p style=\"text-align: justify;\">Pati\u00f1o declar\u00f3 desde Azogues, provincia de Ca\u00f1ar (austro), que el gobierno ecuatoriano \u00abno aceptar\u00e1 que la cooperaci\u00f3n se use como un instrumento de supervisi\u00f3n y que no sea respetuosa de la soberan\u00eda\u00bb.<\/p>\n<p style=\"text-align: justify;\">La decisi\u00f3n de Ecuador sigue a declaraciones desde Alemania del ministro de cooperaci\u00f3n, Gerd M\u00fcller, quien critic\u00f3 la cancelaci\u00f3n de una visita de integrantes de una comisi\u00f3n de Medio Ambiente del Bundestag (c\u00e1mara baja), y de B\u00e4rbel H\u00f6hn, su presidenta.<\/p>\n<p style=\"text-align: justify;\">El grupo pretend\u00eda recorrer en este mes los proyectos de explotaci\u00f3n petrolera en la zona amaz\u00f3nica del Yasun\u00ed, con el objetivo de reunirse con representantes de organizaciones contrarias a la explotaci\u00f3n de la reserva petrolera sobre el cual exist\u00eda un proyecto para su conservaci\u00f3n.<\/p>\n<p style=\"text-align: justify;\">La visita, planificada del 6 al 9 de diciembre, fue suspendida por parte del Gobierno ecuatoriano, que aleg\u00f3 la falta de \u00abuna debida coordinaci\u00f3n y una planificaci\u00f3n de mutuo acuerdo\u00bb.<\/p>\n<p style=\"text-align: justify;\">H\u00f6hn, del partido Los Verdes, integrante de la planeada delegaci\u00f3n y presidenta de la Comisi\u00f3n de Medio Ambiente, Protecci\u00f3n de la Naturaleza, Obras P\u00fablicas y Seguridad Nuclear, tambi\u00e9n criti\u00f3 la negativa y dijo que el Gobierno ecuatoriano \u00abno quiso\u00bb que se reunieran con \u00abopositores\u00bb a la explotaci\u00f3n petrolera en Yasun\u00ed.<\/p>\n<p style=\"text-align: justify;\">El jefe de la diplomacia manifest\u00f3 la disposici\u00f3n de su gobierno de negociar un programa o curso de capacitaci\u00f3n para sus parlamentarios.<\/p>\n<p style=\"text-align: justify;\">\u201cPara que conozcan y se actualicen sobre temas de derecho internacional y con soberan\u00eda, particularmente para que se actualicen estos conceptos de soberan\u00eda y respeto mutuo que tiene que tenerse entre los gobiernos\u201d, precis\u00f3.<\/p>\n<p style=\"text-align: justify;\">Refiri\u00f3 que debe quedarle claro a Alemania que Ecuador suscribe convenios de cooperaci\u00f3n en condiciones de igualdad, y asever\u00f3: \u201cas\u00ed como la (cooperaci\u00f3n) que damos es no condicionada y respetuosa, y as\u00ed se debe dar\u00bb.<\/p>\n<p style=\"text-align: justify;\">\u201cComo amigos las puertas abiertas, como supervisores las puertas cerradas\u00bb, enfatiz\u00f3.<\/p>\n<p style=\"text-align: justify;\">No obstante, expres\u00f3 que su pa\u00eds valora la preocupaci\u00f3n de parlamentarios por temas ambientales y de la Amazon\u00eda y consider\u00f3 que ambos gobiernos tienen \u00abmuchas coincidencias\u00bb al respecto.<\/p>\n","protected":false},"excerpt":{"rendered":"<p>Quito, 19 dic (Andes).- Ecuador dio por terminada de forma unilateral la cooperaci\u00f3n alemana con esta naci\u00f3n andina en temas<\/p>\n","protected":false},"author":1,"featured_media":0,"comment_status":"open","ping_status":"open","sticky":false,"template":"","format":"standard","meta":{"footnotes":""},"categories":[1],"tags":[],"_links":{"self":[{"href":"https:\/\/www.ecuadoraldia.com.ec\/index.php?rest_route=\/wp\/v2\/posts\/6650"}],"collection":[{"href":"https:\/\/www.ecuadoraldia.com.ec\/index.php?rest_route=\/wp\/v2\/posts"}],"about":[{"href":"https:\/\/www.ecuadoraldia.com.ec\/index.php?rest_route=\/wp\/v2\/types\/post"}],"author":[{"embeddable":true,"href":"https:\/\/www.ecuadoraldia.com.ec\/index.php?rest_route=\/wp\/v2\/users\/1"}],"replies":[{"embeddable":true,"href":"https:\/\/www.ecuadoraldia.com.ec\/index.php?rest_route=%2Fwp%2Fv2%2Fcomments&post=6650"}],"version-history":[{"count":2,"href":"https:\/\/www.ecuadoraldia.com.ec\/index.php?rest_route=\/wp\/v2\/posts\/6650\/revisions"}],"predecessor-version":[{"id":6653,"href":"https:\/\/www.ecuadoraldia.com.ec\/index.php?rest_route=\/wp\/v2\/posts\/6650\/revisions\/6653"}],"wp:attachment":[{"href":"https:\/\/www.ecuadoraldia.com.ec\/index.php?rest_route=%2Fwp%2Fv2%2Fmedia&parent=6650"}],"wp:term":[{"taxonomy":"category","embeddable":true,"href":"https:\/\/www.ecuadoraldia.com.ec\/index.php?rest_route=%2Fwp%2Fv2%2Fcategories&post=6650"},{"taxonomy":"post_tag","embeddable":true,"href":"https:\/\/www.ecuadoraldia.com.ec\/index.php?rest_route=%2Fwp%2Fv2%2Ftags&post=6650"}],"curies":[{"name":"wp","href":"https:\/\/api.w.org\/{rel}","templated":true}]}}