{"id":6654,"date":"2014-12-19T23:16:08","date_gmt":"2014-12-19T23:16:08","guid":{"rendered":"http:\/\/www.ecuadoraldia.com.ec\/?p=6654"},"modified":"2014-12-19T23:16:08","modified_gmt":"2014-12-19T23:16:08","slug":"presidente-correa-termina-el-2014-con-80-de-aceptacion-ciudadana","status":"publish","type":"post","link":"https:\/\/www.ecuadoraldia.com.ec\/?p=6654","title":{"rendered":"Presidente Correa\u00a0termina el 2014 con 80% de aceptaci\u00f3n ciudadana\u00a0"},"content":{"rendered":"<figure id=\"attachment_6655\" aria-describedby=\"caption-attachment-6655\" style=\"width: 300px\" class=\"wp-caption alignleft\"><a href=\"http:\/\/www.ecuadoraldia.com.ec\/wp-content\/uploads\/2014\/12\/presidente_ec_18_dic_14.jpg\"><img loading=\"lazy\" decoding=\"async\" class=\"size-medium wp-image-6655\" src=\"http:\/\/www.ecuadoraldia.com.ec\/wp-content\/uploads\/2014\/12\/presidente_ec_18_dic_14-300x162.jpg\" alt=\"El presidente Rafael Correa juguetea con ni\u00f1os y su mascota durante un acto navide\u00f1o, el 18 de diciembre. \/ Presidencia\" width=\"300\" height=\"162\" srcset=\"https:\/\/www.ecuadoraldia.com.ec\/wp-content\/uploads\/2014\/12\/presidente_ec_18_dic_14-300x162.jpg 300w, https:\/\/www.ecuadoraldia.com.ec\/wp-content\/uploads\/2014\/12\/presidente_ec_18_dic_14.jpg 580w\" sizes=\"(max-width: 300px) 100vw, 300px\" \/><\/a><figcaption id=\"caption-attachment-6655\" class=\"wp-caption-text\">El presidente Rafael Correa juguetea con ni\u00f1os y su mascota durante un acto navide\u00f1o, el 18 de diciembre. \/ Presidencia<\/figcaption><\/figure>\n<p style=\"text-align: justify;\">Quito, 19 dic (Andes).- El pr\u00f3ximo 15 de enero el Presidente de Ecuador, Rafael Correa, cumplir\u00e1 ocho a\u00f1os de gesti\u00f3n; a la fecha el porcentaje de aceptaci\u00f3n del mandatario es de casi el 80%, seg\u00fan dos encuestas realizadas hasta noviembre de 2014.<\/p>\n<p style=\"text-align: justify;\">Uno de los objetivos iniciales del gobierno fue consolidar un proyecto pol\u00edtico y social que permita alcanzar el buen vivir (Sumak Kawsay, de acuerdo a la cosmovisi\u00f3n ind\u00edgena).<\/p>\n<p style=\"text-align: justify;\">Seg\u00fan Tatiana Larrea, directora del Centro de Investigaci\u00f3n y Estudios Especializados (CIES) en este tiempo la aprobaci\u00f3n de la gesti\u00f3n del Presidente se mantuvo entre el 70 y el 80%.<\/p>\n<p style=\"text-align: justify;\">Para ella, esos datos son hist\u00f3ricos para este pa\u00eds andino y tambi\u00e9n destacan a nivel regional \u201cun presidente no se ha mantenido con esas cifras en toda la historia\u201d. Una encuesta del CIES realizada a 2.800 personas en todo el pa\u00eds, indican que el primer mandatario cierra este a\u00f1o su gesti\u00f3n con una valoraci\u00f3n del 79%.<\/p>\n<p style=\"text-align: justify;\">Otro estudio realizado por la encuestadora Perfiles de Opini\u00f3n demuestra que el 62,2% de ecuatorianos consideran que la gesti\u00f3n del Presidente Correa es buena y el 15.2% la califica como muy buena. Esa encuesta se la realiz\u00f3 a 619 personas en Quito y Guayaquil en el mes de noviembre.<\/p>\n<p style=\"text-align: justify;\">Los estudios del CIES tambi\u00e9n ofrecen datos sobre la imagen presidencial. Las cifras demuestran que al 77% de los consultados les agrada el mandatario.<\/p>\n<p style=\"text-align: justify;\">Larrea indic\u00f3 que el reto, no solo para el Presidente Correa, sino para el gobierno en general, ser\u00e1 mantener esos niveles de aceptaci\u00f3n. Las exigencias ciudadanas en Ecuador se incrementan con el paso de los a\u00f1os.<\/p>\n<p style=\"text-align: justify;\">Explic\u00f3 que \u201caunque se han logrado cambios representativos en la ciudad, cada d\u00eda se crean nuevas demandas. Una vez que se ha solucionado problemas b\u00e1sicos que no se hab\u00eda tomado en cuenta, la gente empieza a tener otras expectativas\u201d.<\/p>\n<p style=\"text-align: justify;\">Durante el 2014 Alianza Pa\u00eds, el partido que lidera Rafael Correa, alcanz\u00f3 su d\u00e9cima victoria electoral consecutiva tras las elecciones regionales desarrolladas en febrero.<\/p>\n<p>&nbsp;<\/p>\n","protected":false},"excerpt":{"rendered":"<p>Quito, 19 dic (Andes).- El pr\u00f3ximo 15 de enero el Presidente de Ecuador, Rafael Correa, cumplir\u00e1 ocho a\u00f1os de gesti\u00f3n;<\/p>\n","protected":false},"author":1,"featured_media":0,"comment_status":"open","ping_status":"open","sticky":false,"template":"","format":"standard","meta":{"footnotes":""},"categories":[1],"tags":[],"_links":{"self":[{"href":"https:\/\/www.ecuadoraldia.com.ec\/index.php?rest_route=\/wp\/v2\/posts\/6654"}],"collection":[{"href":"https:\/\/www.ecuadoraldia.com.ec\/index.php?rest_route=\/wp\/v2\/posts"}],"about":[{"href":"https:\/\/www.ecuadoraldia.com.ec\/index.php?rest_route=\/wp\/v2\/types\/post"}],"author":[{"embeddable":true,"href":"https:\/\/www.ecuadoraldia.com.ec\/index.php?rest_route=\/wp\/v2\/users\/1"}],"replies":[{"embeddable":true,"href":"https:\/\/www.ecuadoraldia.com.ec\/index.php?rest_route=%2Fwp%2Fv2%2Fcomments&post=6654"}],"version-history":[{"count":1,"href":"https:\/\/www.ecuadoraldia.com.ec\/index.php?rest_route=\/wp\/v2\/posts\/6654\/revisions"}],"predecessor-version":[{"id":6656,"href":"https:\/\/www.ecuadoraldia.com.ec\/index.php?rest_route=\/wp\/v2\/posts\/6654\/revisions\/6656"}],"wp:attachment":[{"href":"https:\/\/www.ecuadoraldia.com.ec\/index.php?rest_route=%2Fwp%2Fv2%2Fmedia&parent=6654"}],"wp:term":[{"taxonomy":"category","embeddable":true,"href":"https:\/\/www.ecuadoraldia.com.ec\/index.php?rest_route=%2Fwp%2Fv2%2Fcategories&post=6654"},{"taxonomy":"post_tag","embeddable":true,"href":"https:\/\/www.ecuadoraldia.com.ec\/index.php?rest_route=%2Fwp%2Fv2%2Ftags&post=6654"}],"curies":[{"name":"wp","href":"https:\/\/api.w.org\/{rel}","templated":true}]}}