{"id":6657,"date":"2014-12-19T23:37:28","date_gmt":"2014-12-19T23:37:28","guid":{"rendered":"http:\/\/www.ecuadoraldia.com.ec\/?p=6657"},"modified":"2014-12-19T23:37:28","modified_gmt":"2014-12-19T23:37:28","slug":"leon-febres-cordero-mi-black-friday-favorito","status":"publish","type":"post","link":"https:\/\/www.ecuadoraldia.com.ec\/?p=6657","title":{"rendered":"Le\u00f3n Febres Cordero, mi \u201cBlack Friday\u201d favorito"},"content":{"rendered":"<p style=\"text-align: justify;\"><a href=\"http:\/\/www.ecuadoraldia.com.ec\/wp-content\/uploads\/2014\/12\/lfcr.jpg\"><img loading=\"lazy\" decoding=\"async\" class=\"alignleft size-medium wp-image-6658\" src=\"http:\/\/www.ecuadoraldia.com.ec\/wp-content\/uploads\/2014\/12\/lfcr-300x126.jpg\" alt=\"lfcr\" width=\"300\" height=\"126\" srcset=\"https:\/\/www.ecuadoraldia.com.ec\/wp-content\/uploads\/2014\/12\/lfcr-300x126.jpg 300w, https:\/\/www.ecuadoraldia.com.ec\/wp-content\/uploads\/2014\/12\/lfcr.jpg 346w\" sizes=\"(max-width: 300px) 100vw, 300px\" \/><\/a>Por Rub\u00e8n Dar\u00eco Buitr\u00f2n<\/p>\n<p style=\"text-align: justify;\">Mi \u201cBlack Friday\u201d favorito no ocurri\u00f3 en un centro comercial de Miami ni en alg\u00fan lujoso almac\u00e9n de Quito o Guayaquil.<br \/>\nOcurri\u00f3 el viernes 16 de enero de 1987, cuando un grupo de comandos secuestr\u00f3 en la base a\u00e9rea de Taura al presidente Le\u00f3n Febres Cordero.<br \/>\nPara entonces, el autoritario y d\u00e9spota Febres Cordero se jactaba de haber \u201cexterminado\u201d a los nacientes grupos guerrilleros, en especial Alfaro Vive Carajo (AVC).<br \/>\nLos hab\u00eda \u201cexterminado\u201d usando los m\u00e1s viles recursos inhumanos de las dictaduras nefastas de Am\u00e9rica Latina, como la de Pinochet en Chile o la de Videla en Argentina.<br \/>\nSu guerra sucia contra los j\u00f3venes rebeldes que se le opon\u00edan incluy\u00f3 el espionaje, el terror medi\u00e1tico, la tortura, el abuso sexual a las personas detenidas, el asesinato a sus l\u00edderes como Arturo Jarr\u00edn, Fausto Bazantes, Hameth V\u00e1sconez, Consuelo Benav\u00eddez y el acoso permanente a sus familiares.<br \/>\nMientras Febres Cordero manten\u00eda en tremenda tensi\u00f3n y miedo al pa\u00eds con sus criminales acciones de guerra no convencional contra la subversi\u00f3n, el general Frank Vargas Pazzos, comandante de la Fuerza A\u00e9rea y carism\u00e1tico l\u00edder de sus tropas, denunciaba actos de corrupci\u00f3n gubernamental, como la irregular compra de un avi\u00f3n Fokker, un caso que nunca se aclar\u00f3.<br \/>\nVargas Pazzos, quien era muy amigo de Febres Cordero y de su esposa Mar\u00eda Eugenia Cordovez, se convirti\u00f3, de pronto, en el hombre que revel\u00f3 la podredumbre del sistema y el grave deterioro de los valores \u00e9ticos en los m\u00e1s altos funcionarios civiles y militares del r\u00e9gimen.<br \/>\nMeses atr\u00e1s, el comandante se sublev\u00f3 contra el mandatario en la misma base de Taura y amenaz\u00f3 bombardear el palacio de Carondelet con sus aviones de guerra si Febres Cordero no renunciaba.<br \/>\nPero Vargas Pazzos no cumpli\u00f3 su palabra en ning\u00fan sentido. Sus ultim\u00e1tums fueron de humo y termin\u00f3 en la c\u00e1rcel cuando vino a Quito y se tom\u00f3 la estrat\u00e9gica base a\u00e9rea Mariscal Sucre.<br \/>\nVargas pudo derrocar al presidente tirano, pero fue una enorme frustraci\u00f3n para cientos de miles de ciudadanos que viv\u00edan cada d\u00eda la pesadilla de uno de los gobiernos m\u00e1s tenebrosos y corruptos de la historia contempor\u00e1nea en el Ecuador.<br \/>\nEsa frustraci\u00f3n, sin embargo, madur\u00f3 en un grupo de temerarios soldados de la FAE, conocidos despu\u00e9s como \u201clos comandos de Taura\u201d.<br \/>\nEl pa\u00eds nunca olvidar\u00e1 el rostro de un nervioso y acobardado mandatario. \u201cD\u00f3nde tengo que firmar\u201d y \u201cqu\u00e9 m\u00e1s quieren que firme\u201d fueron dos frases que durante mucho tiempo los ecuatorianos recordaron.<br \/>\nY aunque al quedar libre retom\u00f3 el poder, recuper\u00f3 su talante dictatorial y tom\u00f3 las represalias que hab\u00eda prometido no tomarlas, al pa\u00eds le qued\u00f3 claro que los socialcristianos sembraron la naci\u00f3n de odio, de revancha, de regionalismo, de represi\u00f3n, de violaci\u00f3n a los derechos humanos y de cobardes asesinatos pol\u00edticos contra los j\u00f3venes que, fuera de prejuicios y condenas, resolvieron combatirlo por las armas.<br \/>\nLos periodistas que muy jovencitos empez\u00e1bamos nuestra carrera vivimos aquellos episodios, primero con pasi\u00f3n militante y luego con desencanto pol\u00edtico.<br \/>\nSupimos desde entonces que la \u201cgran prensa\u201d siempre fue y siempre ser\u00eda aliada de los poderes m\u00e1s corruptos y antidemocr\u00e1ticos y, a pesar de todo, mantuvimos la ilusa esperanza de que algo podr\u00edamos cambiar desde adentro. Nada m\u00e1s lejos de ser cierto: los medios controlaban al poder pol\u00edtico y econ\u00f3mico desde la sombra y nunca dejar\u00edan que el pa\u00eds se transformara.<br \/>\nSupimos tambi\u00e9n que el cambio profundo de un pa\u00eds inequitativo, de estructuras sociales injustas, no se lo har\u00eda desde la temeridad demag\u00f3gica o la amenaza in\u00fatil, sino desde la convicci\u00f3n m\u00e1s profunda a favor del bien com\u00fan.<br \/>\nVargas Pazzos, retirado de las Fuerzas Armadas, intent\u00f3 dos veces ser presidente en las urnas. No gan\u00f3 porque frustr\u00f3 al pueblo y porque su aparente lucha por el pa\u00eds solo fue personal.<br \/>\nFebres Cordero termin\u00f3 su periodo el 10 de agosto de 1988 y volvi\u00f3 a Guayaquil tras un masivo repudio colectivo en Quito, al que se sumaron cientos de personas que empezaban a sospechar que la desaparici\u00f3n y muerte de los hermanos Restrepo tambi\u00e9n fueron parte de los cr\u00edmenes de Estado del mandatario saliente.<\/p>\n<p style=\"text-align: justify;\"><iframe loading=\"lazy\" width=\"800\" height=\"450\" src=\"https:\/\/www.youtube.com\/embed\/lXDGHMyqA0A?feature=oembed\" frameborder=\"0\" allowfullscreen><\/iframe><\/p>\n<p style=\"text-align: justify;\">Pero algo hay que agradecer a Vargas Pazzos: que, al menos por un d\u00eda, sus soldados le hicieran sentir a Febres Cordero una pizca de lo que \u00e9l hiciera, sin ninguna compasi\u00f3n y con enorme crueldad, con los j\u00f3venes guerrilleros.<br \/>\nAquel d\u00eda fue bautizado como \u201cViernes Negro\u201d por el pusil\u00e1nime vicepresidente de entonces, Blasco Pe\u00f1aherrera, en un libro donde cuenta quienes estaban entre los m\u00e1s preocupados por Febres Cordero.<br \/>\nJunto a Pe\u00f1aherrera llegaron a Carondelet los due\u00f1os de los medios, como Jos\u00e9 Thome, director de El Comercio, cu\u00f1ado de Guadalupe Mantilla y ministro de Salud del r\u00e9gimen; Alfonso Espinosa de los Monteros, de Ecuavisa y Vistazo; y el multimillonario Antonio Granda Centeno, due\u00f1o de Teleamazonas. He ah\u00ed la directa complicidad de la prensa con el poder pol\u00edtico m\u00e1s nefasto.<br \/>\nEse \u201cBlack Friday\u201d, que nada tiene que ver con el consumismo que tanto se alienta ahora desde los medios de comunicaci\u00f3n y desde los chips culturales globalizadores simplemente fue y es, hasta ahora, el mejor de mi vida.<br \/>\n__________________<br \/>\nFoto de archivo: Diario La Verdad de Esmeraldas<\/p>\n","protected":false},"excerpt":{"rendered":"<p>Por Rub\u00e8n Dar\u00eco Buitr\u00f2n Mi \u201cBlack Friday\u201d favorito no ocurri\u00f3 en un centro comercial de Miami ni en alg\u00fan lujoso<\/p>\n","protected":false},"author":1,"featured_media":0,"comment_status":"open","ping_status":"open","sticky":false,"template":"","format":"standard","meta":{"footnotes":""},"categories":[15],"tags":[],"_links":{"self":[{"href":"https:\/\/www.ecuadoraldia.com.ec\/index.php?rest_route=\/wp\/v2\/posts\/6657"}],"collection":[{"href":"https:\/\/www.ecuadoraldia.com.ec\/index.php?rest_route=\/wp\/v2\/posts"}],"about":[{"href":"https:\/\/www.ecuadoraldia.com.ec\/index.php?rest_route=\/wp\/v2\/types\/post"}],"author":[{"embeddable":true,"href":"https:\/\/www.ecuadoraldia.com.ec\/index.php?rest_route=\/wp\/v2\/users\/1"}],"replies":[{"embeddable":true,"href":"https:\/\/www.ecuadoraldia.com.ec\/index.php?rest_route=%2Fwp%2Fv2%2Fcomments&post=6657"}],"version-history":[{"count":1,"href":"https:\/\/www.ecuadoraldia.com.ec\/index.php?rest_route=\/wp\/v2\/posts\/6657\/revisions"}],"predecessor-version":[{"id":6659,"href":"https:\/\/www.ecuadoraldia.com.ec\/index.php?rest_route=\/wp\/v2\/posts\/6657\/revisions\/6659"}],"wp:attachment":[{"href":"https:\/\/www.ecuadoraldia.com.ec\/index.php?rest_route=%2Fwp%2Fv2%2Fmedia&parent=6657"}],"wp:term":[{"taxonomy":"category","embeddable":true,"href":"https:\/\/www.ecuadoraldia.com.ec\/index.php?rest_route=%2Fwp%2Fv2%2Fcategories&post=6657"},{"taxonomy":"post_tag","embeddable":true,"href":"https:\/\/www.ecuadoraldia.com.ec\/index.php?rest_route=%2Fwp%2Fv2%2Ftags&post=6657"}],"curies":[{"name":"wp","href":"https:\/\/api.w.org\/{rel}","templated":true}]}}