{"id":6661,"date":"2014-12-20T00:11:56","date_gmt":"2014-12-20T00:11:56","guid":{"rendered":"http:\/\/www.ecuadoraldia.com.ec\/?p=6661"},"modified":"2014-12-20T00:25:35","modified_gmt":"2014-12-20T00:25:35","slug":"superintendente-cierra-taller-de-capacitacion-de-la-ftcs-en-tulcan","status":"publish","type":"post","link":"https:\/\/www.ecuadoraldia.com.ec\/?p=6661","title":{"rendered":"Superintendente cierra taller de capacitaci\u00f3n de la FTCS en Tulc\u00e1n"},"content":{"rendered":"<p style=\"text-align: justify;\"><a href=\"http:\/\/www.ecuadoraldia.com.ec\/wp-content\/uploads\/2014\/12\/supercomtulcan.jpg\"><img loading=\"lazy\" decoding=\"async\" class=\"alignleft size-medium wp-image-6662\" src=\"http:\/\/www.ecuadoraldia.com.ec\/wp-content\/uploads\/2014\/12\/supercomtulcan-300x138.jpg\" alt=\"supercomtulcan\" width=\"300\" height=\"138\" srcset=\"https:\/\/www.ecuadoraldia.com.ec\/wp-content\/uploads\/2014\/12\/supercomtulcan-300x138.jpg 300w, https:\/\/www.ecuadoraldia.com.ec\/wp-content\/uploads\/2014\/12\/supercomtulcan.jpg 625w\" sizes=\"(max-width: 300px) 100vw, 300px\" \/><\/a>M\u00e1s de 260 personas participaron este jueves en el XXIV Taller de \u201cTransparencia, Participaci\u00f3n Ciudadana, Control Social y Lucha contra la Corrupci\u00f3n\u201d, organizado por la Quinta Funci\u00f3n del Estado y que en esta ocasi\u00f3n se realiz\u00f3 en la Universidad Polit\u00e9cnica Estatal del Carchi.<\/p>\n<p style=\"text-align: justify;\">El evento, con el que la Funci\u00f3n de Transparencia y Control Social (FTCS) concluye las actividades de capacitaci\u00f3n en 2014, cont\u00f3 con la presencia del Superintendente de la Informaci\u00f3n y Comunicaci\u00f3n, Carlos Ochoa, el Secretario T\u00e9cnico de la FTCS, Pablo Valdivieso, y delegados de las nueve instituciones que la integran.<\/p>\n<p>El Superintendente explic\u00f3 a los estudiantes, catedr\u00e1ticos, funcionarios p\u00fablicos y asistentes en general, que la gesti\u00f3n de la Funci\u00f3n de Transparencia obedece a un modelo que otorga derechos, pero tambi\u00e9n responsabilidades y obligaciones a los ciudadanos en la construcci\u00f3n de una cultura de honestidad y transparencia en el Ecuador.<\/p>\n<p>En ese marco, explic\u00f3 que la SUPERCOM, instituci\u00f3n encargada de hacer cumplir la Ley Org\u00e1nica de Comunicaci\u00f3n (LOC), busca desarrollar, proteger y regular los derechos de los ciudadanos en ese \u00e1mbito, para evitar actos de corrupci\u00f3n como los que ocurrieron antes de la vigencia de este cuerpo legal.<\/p>\n<p>Anteriormente, \u201cexist\u00eda una concentraci\u00f3n de los medios de comunicaci\u00f3n en pocos sectores, en manos privadas; en donde los favores pol\u00edticos fueron causa de la distribuci\u00f3n inequitativa de frecuencias\u201d, se\u00f1al\u00f3.<\/p>\n<p style=\"text-align: justify;\">Adicionalmente, cit\u00f3 algunos de los art\u00edculos m\u00e1s importantes de la LOC y manifest\u00f3 que la Superintendencia de la Informaci\u00f3n y Comunicaci\u00f3n trabaja para alcanzar mejores normas de convivencia entre los ciudadanos y los medios. \u201cSi ustedes no se empoderan de la Ley y no exigen su cumplimiento, el trabajo realizado hasta ahora quedara en un simple papel\u201d, concluy\u00f3.<\/p>\n<p><a href=\"http:\/\/www.ecuadoraldia.com.ec\/wp-content\/uploads\/2014\/12\/eqc.jpg\"><img loading=\"lazy\" decoding=\"async\" class=\"alignleft size-medium wp-image-6663\" src=\"http:\/\/www.ecuadoraldia.com.ec\/wp-content\/uploads\/2014\/12\/eqc-300x200.jpg\" alt=\"eqc\" width=\"300\" height=\"200\" srcset=\"https:\/\/www.ecuadoraldia.com.ec\/wp-content\/uploads\/2014\/12\/eqc-300x200.jpg 300w, https:\/\/www.ecuadoraldia.com.ec\/wp-content\/uploads\/2014\/12\/eqc.jpg 1023w\" sizes=\"(max-width: 300px) 100vw, 300px\" \/><\/a><\/p>\n<p>&nbsp;<\/p>\n<p>&nbsp;<\/p>\n<p>&nbsp;<\/p>\n<p>&nbsp;<\/p>\n<p>&nbsp;<\/p>\n<p>&nbsp;<\/p>\n<p>&nbsp;<\/p>\n<p>Por su parte, Elsa Quispe, Intendenta General Jur\u00eddica de la SUPERCOM, hizo una breve rese\u00f1a hist\u00f3rica de c\u00f3mo entr\u00f3 en funcionamiento esta entidad del Estado, sus atribuciones, origen y deberes.<\/p>\n<p style=\"text-align: justify;\">Carmen Estrella, asesora de la Defensor\u00eda del Pueblo, se refiri\u00f3 a los derechos constitucionales, as\u00ed como a las garant\u00edas de las pol\u00edticas p\u00fablicas y privadas de servicios y de participaci\u00f3n, establecidas en la Constituci\u00f3n y su aplicabilidad en la sociedad.<br \/>\n<a href=\"http:\/\/www.ecuadoraldia.com.ec\/wp-content\/uploads\/2014\/12\/dfp.jpg\"><img loading=\"lazy\" decoding=\"async\" class=\"alignleft size-medium wp-image-6664\" src=\"http:\/\/www.ecuadoraldia.com.ec\/wp-content\/uploads\/2014\/12\/dfp-300x200.jpg\" alt=\"dfp\" width=\"300\" height=\"200\" srcset=\"https:\/\/www.ecuadoraldia.com.ec\/wp-content\/uploads\/2014\/12\/dfp-300x200.jpg 300w, https:\/\/www.ecuadoraldia.com.ec\/wp-content\/uploads\/2014\/12\/dfp.jpg 1023w\" sizes=\"(max-width: 300px) 100vw, 300px\" \/><\/a><\/p>\n<p style=\"text-align: justify;\">\n<p style=\"text-align: justify;\">\n<p style=\"text-align: justify;\">\n<p style=\"text-align: justify;\">\n<p style=\"text-align: justify;\">\n<p style=\"text-align: justify;\">\n<p style=\"text-align: justify;\">El Secretario de la FTCS mencion\u00f3 a los presentes que \u201ctan corrupto es quien hace el acto, as\u00ed como quien lo promueve\u201d. Su exposici\u00f3n gir\u00f3 en torno al \u201cPlan Nacional de Prevenci\u00f3n y Lucha contra la Corrupci\u00f3n\u201d, presentado por la FTCS el 07 de mayo de 2013.<\/p>\n<p>El plan contiene pol\u00edticas, estrategias y acciones en materia de transparencia y control social que se han ido implementando y socializando progresivamente durante el 2014 a trav\u00e9s de los diferentes talleres organizados en beneficio de la ciudadan\u00eda, en distintas provincias del pa\u00eds, afirm\u00f3 Valdivieso.<\/p>\n<p><a href=\"http:\/\/www.ecuadoraldia.com.ec\/wp-content\/uploads\/2014\/12\/padilla.jpg\"><img loading=\"lazy\" decoding=\"async\" class=\"alignleft size-medium wp-image-6665\" src=\"http:\/\/www.ecuadoraldia.com.ec\/wp-content\/uploads\/2014\/12\/padilla-300x199.jpg\" alt=\"padilla\" width=\"300\" height=\"199\" srcset=\"https:\/\/www.ecuadoraldia.com.ec\/wp-content\/uploads\/2014\/12\/padilla-300x199.jpg 300w, https:\/\/www.ecuadoraldia.com.ec\/wp-content\/uploads\/2014\/12\/padilla.jpg 599w\" sizes=\"(max-width: 300px) 100vw, 300px\" \/><\/a><\/p>\n<p>&nbsp;<\/p>\n<p>&nbsp;<\/p>\n<p>&nbsp;<\/p>\n<p>&nbsp;<\/p>\n<p>&nbsp;<\/p>\n<p>&nbsp;<\/p>\n<p>&nbsp;<\/p>\n<p style=\"text-align: justify;\">Los mecanismo para promover la participaci\u00f3n ciudadana, fueron abordados por Juan Carlos Padilla, delegado regional del Consejo de Participaci\u00f3n Ciudadana y Control Social (CPCS). Se trata de que la ciudadan\u00eda se empodere, vigile, observe y aporte a la gesti\u00f3n p\u00fablica mediante la implementaci\u00f3n de mecanismos, estrategias y pol\u00edticas del \u201cBuen Vivir\u201d, orientadas a la lucha contra la corrupci\u00f3n y el acceso a los derechos constitucionales que tiene todos los ecuatorianos, dijo.<\/p>\n<p>Al finalizar las intervenciones, M\u00f3nica Arias, capacitadora de la Superintendencia de Econom\u00eda Popular y Solidaria, dio paso al taller \u2013 foro en el cual los asistentes llenaron un cuestionario y sacaron conclusiones valiosas que promueven la participaci\u00f3n de los ciudadanos en las pol\u00edticas que implementa el Estado para alcanzar las metas y obtener los resultados previstos en la concientizaci\u00f3n de la prevenci\u00f3n y lucha contra la corrupci\u00f3n.(Tomado de la Supercom)<\/p>\n<p>&nbsp;<\/p>\n<p>&nbsp;<\/p>\n","protected":false},"excerpt":{"rendered":"<p>M\u00e1s de 260 personas participaron este jueves en el XXIV Taller de \u201cTransparencia, Participaci\u00f3n Ciudadana, Control Social y Lucha contra<\/p>\n","protected":false},"author":1,"featured_media":0,"comment_status":"open","ping_status":"open","sticky":false,"template":"","format":"standard","meta":{"footnotes":""},"categories":[11,4],"tags":[],"_links":{"self":[{"href":"https:\/\/www.ecuadoraldia.com.ec\/index.php?rest_route=\/wp\/v2\/posts\/6661"}],"collection":[{"href":"https:\/\/www.ecuadoraldia.com.ec\/index.php?rest_route=\/wp\/v2\/posts"}],"about":[{"href":"https:\/\/www.ecuadoraldia.com.ec\/index.php?rest_route=\/wp\/v2\/types\/post"}],"author":[{"embeddable":true,"href":"https:\/\/www.ecuadoraldia.com.ec\/index.php?rest_route=\/wp\/v2\/users\/1"}],"replies":[{"embeddable":true,"href":"https:\/\/www.ecuadoraldia.com.ec\/index.php?rest_route=%2Fwp%2Fv2%2Fcomments&post=6661"}],"version-history":[{"count":3,"href":"https:\/\/www.ecuadoraldia.com.ec\/index.php?rest_route=\/wp\/v2\/posts\/6661\/revisions"}],"predecessor-version":[{"id":6668,"href":"https:\/\/www.ecuadoraldia.com.ec\/index.php?rest_route=\/wp\/v2\/posts\/6661\/revisions\/6668"}],"wp:attachment":[{"href":"https:\/\/www.ecuadoraldia.com.ec\/index.php?rest_route=%2Fwp%2Fv2%2Fmedia&parent=6661"}],"wp:term":[{"taxonomy":"category","embeddable":true,"href":"https:\/\/www.ecuadoraldia.com.ec\/index.php?rest_route=%2Fwp%2Fv2%2Fcategories&post=6661"},{"taxonomy":"post_tag","embeddable":true,"href":"https:\/\/www.ecuadoraldia.com.ec\/index.php?rest_route=%2Fwp%2Fv2%2Ftags&post=6661"}],"curies":[{"name":"wp","href":"https:\/\/api.w.org\/{rel}","templated":true}]}}