{"id":6673,"date":"2014-12-22T12:42:04","date_gmt":"2014-12-22T12:42:04","guid":{"rendered":"http:\/\/www.ecuadoraldia.com.ec\/?p=6673"},"modified":"2014-12-22T12:42:04","modified_gmt":"2014-12-22T12:42:04","slug":"levantar-el-embargo-a-cuba-tarea-compleja","status":"publish","type":"post","link":"https:\/\/www.ecuadoraldia.com.ec\/?p=6673","title":{"rendered":"Levantar el embargo a Cuba, tarea compleja"},"content":{"rendered":"<p style=\"text-align: justify;\"><a href=\"http:\/\/www.ecuadoraldia.com.ec\/wp-content\/uploads\/2014\/12\/bloqeo.jpg\"><img loading=\"lazy\" decoding=\"async\" class=\"alignleft size-medium wp-image-6674\" src=\"http:\/\/www.ecuadoraldia.com.ec\/wp-content\/uploads\/2014\/12\/bloqeo-300x198.jpg\" alt=\"bloqeo\" width=\"300\" height=\"198\" srcset=\"https:\/\/www.ecuadoraldia.com.ec\/wp-content\/uploads\/2014\/12\/bloqeo-300x198.jpg 300w, https:\/\/www.ecuadoraldia.com.ec\/wp-content\/uploads\/2014\/12\/bloqeo.jpg 380w\" sizes=\"(max-width: 300px) 100vw, 300px\" \/><\/a>Agencias Prensa Latina y AFP. Despu\u00e9s de m\u00e1s de 50 a\u00f1os de tensiones y a pocos d\u00edas de que se termine el a\u00f1o, el presidente estadounidense, Barack Obama, dio su estocada al Congreso al reactivar las relaciones diplom\u00e1ticas con Cuba. Un acercamiento que se espera concluya con el levantamiento del embargo comercial impuesto por Estados Unidos a la isla hace m\u00e1s de medio siglo.<\/p>\n<p style=\"text-align: justify;\">Sin embargo, expertos afirman que esta tarea no ser\u00e1 compleja y el mismo presidente cubano, Ra\u00fal Castro, anticip\u00f3 que el levantamiento del embargo \u201cser\u00e1 una lucha larga y dif\u00edcil\u201d que tambi\u00e9n necesitar\u00e1 de la movilizaci\u00f3n de la comunidad internacional.<\/p>\n<p style=\"text-align: justify;\">En la primera semana de enero pr\u00f3ximo llegar\u00e1 al Capitolio un congreso renovado, pero para la mala suerte de Obama, la C\u00e1mara y el Senado tendr\u00e1n mayor\u00eda republicana.<\/p>\n<p style=\"text-align: justify;\">Los republicanos, en su mayor\u00eda, a trav\u00e9s de los a\u00f1os han sido opuestos a la apertura con Cuba, y esta vez no ser\u00e1 la excepci\u00f3n. Es por eso que terminar con el embargo no ser\u00e1 asunto de un d\u00eda para otro. El presidente es consciente de esa realidad y pese a ello anunci\u00f3 que en enero anunciar\u00e1 las primeras medidas ejecutivas vinculadas a mejorar las relaciones entre ambos pa\u00edses.<\/p>\n<p style=\"text-align: justify;\">\u201cEsto es solo el comienzo de un largo camino hacia la normalizaci\u00f3n\u201d, dijo a la AFP Gary Hufbauer, analista del Instituto Peterson de Econom\u00eda Internacional.<\/p>\n<p style=\"text-align: justify;\">Lawrence Ward, un abogado de negocios internacional con la firma de abogados Dorsey &amp; Whitney, estim\u00f3 que Obama ha colocado de lleno la pelota en el tejado del Congreso para participar en un debate serio sobre el levantamiento del embargo, pero los avances depender\u00e1n de los acuerdos rec\u00edprocos.<\/p>\n<p style=\"text-align: justify;\">La inversi\u00f3n y el comercio entre ambos pa\u00edses permanecen estrictamente controlados bajo las leyes del embargo aprobadas en 1960 (reforzadas en 1996 con la Ley Helms-Burton) y las propias restricciones del r\u00e9gimen cubano, manteniendo a raya intentos para entrar en el mercado cubano por parte de industrias estadounidenses desde las hoteleras hasta las compa\u00f1\u00edas petroleras y fabricantes de autom\u00f3viles.<\/p>\n<p style=\"text-align: justify;\">Para el analista Christopher Sabatini hay voluntad del Congreso en que se hagan cambios y lo que falta es que el sector empresarial d\u00e9 la mano. \u201cLos empresarios van a viajar a Cuba y ver\u00e1n las oportunidades de hacerlo y tener m\u00e1s negocios en La Habana, ellos se encargar\u00e1n de presionar al Congreso\u201d, explic\u00f3 al diario local El Pa\u00eds.<\/p>\n","protected":false},"excerpt":{"rendered":"<p>Agencias Prensa Latina y AFP. Despu\u00e9s de m\u00e1s de 50 a\u00f1os de tensiones y a pocos d\u00edas de que se<\/p>\n","protected":false},"author":1,"featured_media":0,"comment_status":"open","ping_status":"open","sticky":false,"template":"","format":"standard","meta":{"footnotes":""},"categories":[7],"tags":[],"_links":{"self":[{"href":"https:\/\/www.ecuadoraldia.com.ec\/index.php?rest_route=\/wp\/v2\/posts\/6673"}],"collection":[{"href":"https:\/\/www.ecuadoraldia.com.ec\/index.php?rest_route=\/wp\/v2\/posts"}],"about":[{"href":"https:\/\/www.ecuadoraldia.com.ec\/index.php?rest_route=\/wp\/v2\/types\/post"}],"author":[{"embeddable":true,"href":"https:\/\/www.ecuadoraldia.com.ec\/index.php?rest_route=\/wp\/v2\/users\/1"}],"replies":[{"embeddable":true,"href":"https:\/\/www.ecuadoraldia.com.ec\/index.php?rest_route=%2Fwp%2Fv2%2Fcomments&post=6673"}],"version-history":[{"count":1,"href":"https:\/\/www.ecuadoraldia.com.ec\/index.php?rest_route=\/wp\/v2\/posts\/6673\/revisions"}],"predecessor-version":[{"id":6675,"href":"https:\/\/www.ecuadoraldia.com.ec\/index.php?rest_route=\/wp\/v2\/posts\/6673\/revisions\/6675"}],"wp:attachment":[{"href":"https:\/\/www.ecuadoraldia.com.ec\/index.php?rest_route=%2Fwp%2Fv2%2Fmedia&parent=6673"}],"wp:term":[{"taxonomy":"category","embeddable":true,"href":"https:\/\/www.ecuadoraldia.com.ec\/index.php?rest_route=%2Fwp%2Fv2%2Fcategories&post=6673"},{"taxonomy":"post_tag","embeddable":true,"href":"https:\/\/www.ecuadoraldia.com.ec\/index.php?rest_route=%2Fwp%2Fv2%2Ftags&post=6673"}],"curies":[{"name":"wp","href":"https:\/\/api.w.org\/{rel}","templated":true}]}}