{"id":6676,"date":"2014-12-22T12:45:43","date_gmt":"2014-12-22T12:45:43","guid":{"rendered":"http:\/\/www.ecuadoraldia.com.ec\/?p=6676"},"modified":"2014-12-22T12:45:43","modified_gmt":"2014-12-22T12:45:43","slug":"las-asambleas-ciudadanas-comienzan-a-activarse-en-parroquias-y-cantones","status":"publish","type":"post","link":"https:\/\/www.ecuadoraldia.com.ec\/?p=6676","title":{"rendered":"Las asambleas ciudadanas comienzan a activarse en parroquias y cantones"},"content":{"rendered":"<p><a href=\"http:\/\/www.ecuadoraldia.com.ec\/wp-content\/uploads\/2014\/12\/polit.jpg\"><img loading=\"lazy\" decoding=\"async\" class=\"alignleft size-medium wp-image-6677\" src=\"http:\/\/www.ecuadoraldia.com.ec\/wp-content\/uploads\/2014\/12\/polit-300x198.jpg\" alt=\"polit\" width=\"300\" height=\"198\" srcset=\"https:\/\/www.ecuadoraldia.com.ec\/wp-content\/uploads\/2014\/12\/polit-300x198.jpg 300w, https:\/\/www.ecuadoraldia.com.ec\/wp-content\/uploads\/2014\/12\/polit.jpg 380w\" sizes=\"(max-width: 300px) 100vw, 300px\" \/><\/a>Para J\u00e9ssica Ortiz Le\u00f3n fue un camino azaroso haber constituido en su cant\u00f3n Naranjito (Guayas) una Asamblea Ciudadana, pero se muestra satisfecha por los resultados. Para ella este espacio de participaci\u00f3n cuenta con herramientas para trabajar en coordinaci\u00f3n con el gobierno aut\u00f3nomo descentralizado (Municipio) de su localidad.<\/p>\n<p style=\"text-align: justify;\">\u201cMe inici\u00e9 escuchando las charlas en el GAD municipal, all\u00ed se form\u00f3 un grupo gestor para integrar la asamblea cantonal y convocamos a los l\u00edderes de ciudadelas y recintos; socializamos, hac\u00edamos charlas y despu\u00e9s de tres meses se empez\u00f3 a conformar la asamblea ciudadana\u201d, recuerda esta joven de 28 a\u00f1os y presidenta de la asamblea.<\/p>\n<p style=\"text-align: justify;\">Indica que la asamblea en su cant\u00f3n reci\u00e9n empez\u00f3 a tomar forma el a\u00f1o pasado; previamente hubo dos convocatorias con poca asistencia, pero junto con los dem\u00e1s miembros del grupo gestor insisti\u00f3 en incentivar a los l\u00edderes locales, hasta que paulatinamente se fueron interesados en el objetivo.<\/p>\n<p style=\"text-align: justify;\">\u201cHa sido un proceso dif\u00edcil, si la ciudadan\u00eda no aprende o no cambia en el sentido de que debe informarse y ser protagonista de los cambios en sus territorios no aprender\u00e1 cu\u00e1les son sus derechos y obligaciones, a veces se queja pero no busca la soluci\u00f3n a un problema\u201d, manifiesta.<\/p>\n<p style=\"text-align: justify;\">Ella fue una de las decenas de personas que fueron capacitadas desde octubre pasado por el Consejo de Participaci\u00f3n Ciudadana y Control Social (Cpccs) y el Consejo Nacional Electoral (CNE) sobre derechos y obligaciones ciudadanos, desarrollo territorial, gesti\u00f3n, entre otros aspectos.<\/p>\n<p style=\"text-align: justify;\">\nMagaly Barzola Y\u00e9pez, presidenta de la Asamblea Ciudadana de la parroquia Cone, del cant\u00f3n Yaguachi, tambi\u00e9n recibi\u00f3 la capacitaci\u00f3n. Para ella a trav\u00e9s de este espacio el ciudadano podr\u00e1 informarse sobre las obras a realizarse en su respectiva localidad, \u201cvamos a realizar el control social de las instituciones p\u00fablicas porque tienen que rendir cuentas a los ciudadanos, as\u00ed como a las asociaciones privadas que manejan recursos p\u00fablicos\u201d.<\/p>\n<p style=\"text-align: justify;\">En el caso de Cone, la asamblea tiene 6 meses y durante ese tiempo se ha trabajado en temas sobre presupuesto participativo y rendici\u00f3n de cuentas con el Gobierno Aut\u00f3nomo Descentralizado (GAD) parroquial; tambi\u00e9n dice que ha sido un proceso dif\u00edcil, pues las autoridades, asegura Barzola, no daban al principio apertura para que los ciudadanos est\u00e9n presentes en las reuniones.<\/p>\n<p style=\"text-align: justify;\">\u201cEllos cre\u00edan que intent\u00e1bamos revocarles el mandato y no es as\u00ed, pero ahora estamos logrando romper ese filtro aunque no totalmente, porque usted sabe que las cosas nuevas cuestan siempre y hay que fomentarlas no solo a los ciudadanos sino tambi\u00e9n a los espacios de poder\u201d.<\/p>\n<p style=\"text-align: justify;\">Con poder constitucional<\/p>\n<p style=\"text-align: justify;\">Estas capacitaciones se efectuaron tambi\u00e9n en la provincia de Santa Elena, con el objetivo de fortalecer a estas asambleas ciudadanas, como parte de las acciones que establece el Plan Nacional de Desarrollo 2013-2017 donde se menciona como uno de los ejes la concreci\u00f3n del poder ciudadano. (Tel\u00e9grafo)<\/p>\n","protected":false},"excerpt":{"rendered":"<p>Para J\u00e9ssica Ortiz Le\u00f3n fue un camino azaroso haber constituido en su cant\u00f3n Naranjito (Guayas) una Asamblea Ciudadana, pero se<\/p>\n","protected":false},"author":1,"featured_media":0,"comment_status":"open","ping_status":"open","sticky":false,"template":"","format":"standard","meta":{"footnotes":""},"categories":[3],"tags":[],"_links":{"self":[{"href":"https:\/\/www.ecuadoraldia.com.ec\/index.php?rest_route=\/wp\/v2\/posts\/6676"}],"collection":[{"href":"https:\/\/www.ecuadoraldia.com.ec\/index.php?rest_route=\/wp\/v2\/posts"}],"about":[{"href":"https:\/\/www.ecuadoraldia.com.ec\/index.php?rest_route=\/wp\/v2\/types\/post"}],"author":[{"embeddable":true,"href":"https:\/\/www.ecuadoraldia.com.ec\/index.php?rest_route=\/wp\/v2\/users\/1"}],"replies":[{"embeddable":true,"href":"https:\/\/www.ecuadoraldia.com.ec\/index.php?rest_route=%2Fwp%2Fv2%2Fcomments&post=6676"}],"version-history":[{"count":1,"href":"https:\/\/www.ecuadoraldia.com.ec\/index.php?rest_route=\/wp\/v2\/posts\/6676\/revisions"}],"predecessor-version":[{"id":6678,"href":"https:\/\/www.ecuadoraldia.com.ec\/index.php?rest_route=\/wp\/v2\/posts\/6676\/revisions\/6678"}],"wp:attachment":[{"href":"https:\/\/www.ecuadoraldia.com.ec\/index.php?rest_route=%2Fwp%2Fv2%2Fmedia&parent=6676"}],"wp:term":[{"taxonomy":"category","embeddable":true,"href":"https:\/\/www.ecuadoraldia.com.ec\/index.php?rest_route=%2Fwp%2Fv2%2Fcategories&post=6676"},{"taxonomy":"post_tag","embeddable":true,"href":"https:\/\/www.ecuadoraldia.com.ec\/index.php?rest_route=%2Fwp%2Fv2%2Ftags&post=6676"}],"curies":[{"name":"wp","href":"https:\/\/api.w.org\/{rel}","templated":true}]}}