{"id":6679,"date":"2014-12-22T12:50:49","date_gmt":"2014-12-22T12:50:49","guid":{"rendered":"http:\/\/www.ecuadoraldia.com.ec\/?p=6679"},"modified":"2014-12-22T12:50:49","modified_gmt":"2014-12-22T12:50:49","slug":"el-secap-dara-formacion-sindical-a-lideres-de-trabajadores-desde-2015","status":"publish","type":"post","link":"https:\/\/www.ecuadoraldia.com.ec\/?p=6679","title":{"rendered":"El Secap dar\u00e1 formaci\u00f3n sindical a l\u00edderes de trabajadores desde 2015"},"content":{"rendered":"<p style=\"text-align: justify;\"><a href=\"http:\/\/www.ecuadoraldia.com.ec\/wp-content\/uploads\/2014\/12\/trabsec.jpg\"><img loading=\"lazy\" decoding=\"async\" class=\"alignleft size-medium wp-image-6680\" src=\"http:\/\/www.ecuadoraldia.com.ec\/wp-content\/uploads\/2014\/12\/trabsec-300x200.jpg\" alt=\"trabsec\" width=\"300\" height=\"200\" srcset=\"https:\/\/www.ecuadoraldia.com.ec\/wp-content\/uploads\/2014\/12\/trabsec-300x200.jpg 300w, https:\/\/www.ecuadoraldia.com.ec\/wp-content\/uploads\/2014\/12\/trabsec.jpg 450w\" sizes=\"(max-width: 300px) 100vw, 300px\" \/><\/a>La primera escuela de formaci\u00f3n sindical del pa\u00eds empezar\u00e1 a funcionar desde 2015 y estar\u00e1 a cargo del Servicio Ecuatoriano de Capacitaci\u00f3n Profesional (Secap). Ser\u00e1 la primera vez que exista una entidad que se encargue de fortalecer la actividad que busca garantizar los derechos de los trabajadores.<\/p>\n<p style=\"text-align: justify;\">Con esta determinaci\u00f3n reforzar\u00e1n las organizaciones de trabajadores existentes, los que contradice los argumentos de quienes se oponen al Gobierno y aducen que se quiere desaparecer la actividad sindical. El ministro de Trabajo, Carlos Marx Carrasco, ha manifestado que este gobierno es de los trabajadores y que ning\u00fan otro hab\u00eda hecho m\u00e1s que el actual por ese sector.<\/p>\n<p style=\"text-align: justify;\">El Ministro destac\u00f3 que se busca cambiar la visi\u00f3n y misi\u00f3n del sindicalismo. En el pa\u00eds, a su criterio, esa figura ha sido satanizada debido a que se tiene la creencia de que perjudica a las empresas.<\/p>\n<p style=\"text-align: justify;\">El Secretario de Estado aclar\u00f3 que se busca \u201cconvencer tanto a los empresarios como a los trabajadores sobre la obligaci\u00f3n que tienen para construir juntos el pa\u00eds; no es cuesti\u00f3n simplemente de armar un sindicato para hacer quebrar a la empresa; ese sindicalismo ya no tiene cabida en el mundo\u201d, enfatiz\u00f3.<\/p>\n<p style=\"text-align: justify;\">Y a\u00f1adi\u00f3 que en el pa\u00eds se quiere ir hacia un nuevo rol en el que el trabajador se convierta en \u201caliado estrat\u00e9gico de la empresa y caminar juntos, pero para ello se requiere que exista organizaci\u00f3n\u201d, dijo.<\/p>\n<p style=\"text-align: justify;\">Recalc\u00f3 que la empresa tiene la obligaci\u00f3n de informar a los trabajadores sobre la producci\u00f3n, as\u00ed como a qui\u00e9n y c\u00f3mo venden; todo aquello se debe construir con los trabajadores que deben convertirse en aliados estrat\u00e9gicos de los negocios. Puso como ejemplo la situaci\u00f3n laboral de Jap\u00f3n, ya que esta es una caracter\u00edstica principalmente de la cultura oriental, dijo Carrasco.<\/p>\n<p style=\"text-align: justify;\">Uno de los retos que tiene este Gobierno es cambiar la producci\u00f3n del pa\u00eds, generando mano de obra local y as\u00ed tener productos con valor agregado. Para ello es indispensable fortalecer la clase trabajadora, ese es uno de los ejes para lograrlo. \u201cSi no cambiamos la visi\u00f3n no podremos cambiar la matriz productiva\u201d, acot\u00f3 el Ministro de Trabajo.<\/p>\n<p style=\"text-align: justify;\">La propuesta estatal a\u00fan no ha sido difundida masivamente entre los sindicalistas del pa\u00eds. V\u00edctor Elizalde, secretario del Comit\u00e9 de Trabajadores del Ingenio San Carlos, se mostr\u00f3 cauteloso ante la propuesta de que exista una capacitaci\u00f3n que provenga del Gobierno. \u201cSi de manera coordinada nos invitan en primer lugar a participar de la elaboraci\u00f3n de los contenidos, nosotros no tendr\u00edamos inconvenientes en recibir la capacitaci\u00f3n, siempre y cuando la organizaci\u00f3n sindical no se vea afectada\u201d, explic\u00f3. El trabajador detall\u00f3 que espera que la capacitaci\u00f3n sea en temas que no incidan en la dirigencia sindical, pues de lo contrario se estar\u00eda hablando de una intromisi\u00f3n y esta no se contempla en el C\u00f3digo de Trabajo.\u00a0(Tel\u00e9grafo)<\/p>\n","protected":false},"excerpt":{"rendered":"<p>La primera escuela de formaci\u00f3n sindical del pa\u00eds empezar\u00e1 a funcionar desde 2015 y estar\u00e1 a cargo del Servicio Ecuatoriano<\/p>\n","protected":false},"author":1,"featured_media":0,"comment_status":"open","ping_status":"open","sticky":false,"template":"","format":"standard","meta":{"footnotes":""},"categories":[1],"tags":[],"_links":{"self":[{"href":"https:\/\/www.ecuadoraldia.com.ec\/index.php?rest_route=\/wp\/v2\/posts\/6679"}],"collection":[{"href":"https:\/\/www.ecuadoraldia.com.ec\/index.php?rest_route=\/wp\/v2\/posts"}],"about":[{"href":"https:\/\/www.ecuadoraldia.com.ec\/index.php?rest_route=\/wp\/v2\/types\/post"}],"author":[{"embeddable":true,"href":"https:\/\/www.ecuadoraldia.com.ec\/index.php?rest_route=\/wp\/v2\/users\/1"}],"replies":[{"embeddable":true,"href":"https:\/\/www.ecuadoraldia.com.ec\/index.php?rest_route=%2Fwp%2Fv2%2Fcomments&post=6679"}],"version-history":[{"count":1,"href":"https:\/\/www.ecuadoraldia.com.ec\/index.php?rest_route=\/wp\/v2\/posts\/6679\/revisions"}],"predecessor-version":[{"id":6681,"href":"https:\/\/www.ecuadoraldia.com.ec\/index.php?rest_route=\/wp\/v2\/posts\/6679\/revisions\/6681"}],"wp:attachment":[{"href":"https:\/\/www.ecuadoraldia.com.ec\/index.php?rest_route=%2Fwp%2Fv2%2Fmedia&parent=6679"}],"wp:term":[{"taxonomy":"category","embeddable":true,"href":"https:\/\/www.ecuadoraldia.com.ec\/index.php?rest_route=%2Fwp%2Fv2%2Fcategories&post=6679"},{"taxonomy":"post_tag","embeddable":true,"href":"https:\/\/www.ecuadoraldia.com.ec\/index.php?rest_route=%2Fwp%2Fv2%2Ftags&post=6679"}],"curies":[{"name":"wp","href":"https:\/\/api.w.org\/{rel}","templated":true}]}}