{"id":6685,"date":"2014-12-22T21:57:26","date_gmt":"2014-12-22T21:57:26","guid":{"rendered":"http:\/\/www.ecuadoraldia.com.ec\/?p=6685"},"modified":"2014-12-22T21:57:26","modified_gmt":"2014-12-22T21:57:26","slug":"diego-garcia-podria-ser-nuevamente-procurador","status":"publish","type":"post","link":"https:\/\/www.ecuadoraldia.com.ec\/?p=6685","title":{"rendered":"Diego Garc\u00eda podr\u00eda ser nuevamente procurador"},"content":{"rendered":"<figure id=\"attachment_6686\" aria-describedby=\"caption-attachment-6686\" style=\"width: 300px\" class=\"wp-caption alignleft\"><a href=\"http:\/\/www.ecuadoraldia.com.ec\/wp-content\/uploads\/2014\/12\/dg.jpg\"><img loading=\"lazy\" decoding=\"async\" class=\"size-medium wp-image-6686\" src=\"http:\/\/www.ecuadoraldia.com.ec\/wp-content\/uploads\/2014\/12\/dg-300x197.jpg\" alt=\"El actual procurador Diego Garc\u00eda encabeza la terna para ser reelecto en este cargo. Foto: Tomada del Flickr de la Agencia Andes.\" width=\"300\" height=\"197\" srcset=\"https:\/\/www.ecuadoraldia.com.ec\/wp-content\/uploads\/2014\/12\/dg-300x197.jpg 300w, https:\/\/www.ecuadoraldia.com.ec\/wp-content\/uploads\/2014\/12\/dg.jpg 450w\" sizes=\"(max-width: 300px) 100vw, 300px\" \/><\/a><figcaption id=\"caption-attachment-6686\" class=\"wp-caption-text\">El actual procurador Diego Garc\u00eda encabeza la terna para ser reelecto en este cargo. Foto: Tomada del Flickr de la Agencia Andes.<\/figcaption><\/figure>\n<p style=\"text-align: justify;\">Esta ma\u00f1ana, el pleno del Consejo de Participaci\u00f3n Ciudadana y Control Social (Cpccs) conoci\u00f3 la terna del Ejecutivo para elegir al nuevo Procurador General del Estado.<\/p>\n<p style=\"text-align: justify;\">Diego Garc\u00eda, actual procurador, encabeza la lista. Tambi\u00e9n constan Elsa Mar\u00eda de Lourdes Santos Karolys y Marcos Edison Artega Valenzuela.<\/p>\n<p style=\"text-align: justify;\">Seg\u00fan la consejera M\u00f3nica Banegas, la terna se env\u00eda a una comisi\u00f3n t\u00e9cnica que tiene 3 d\u00edas para analizar si los postulantes cumplen con los requisitos.<\/p>\n<p style=\"text-align: justify;\">El pleno del Cpccs conocer\u00e1 el lunes el informe de la comisi\u00f3n t\u00e9cnica. De no cumplir algunos de los aspirantes los requisitos, se enviar\u00e1 un comunicado a la Presidencia solicitando un nombre nuevo.<\/p>\n<p style=\"text-align: justify;\">De no haber problemas, Banegas anticip\u00f3 que el proceso durar\u00eda aproximadamente un mes, es decir que el nuevo funcionario podr\u00e1 ser electo hasta el 20 de enero.<\/p>\n<p style=\"text-align: justify;\">De ser reelecto, ser\u00eda el tercer periodo de Garc\u00eda al frente de la Procuradur\u00eda, pero esta vez no tendr\u00eda que renunciar a su cargo como lo hizo las 2 veces anteriores (la primera cuando fue electo por la Asamblea Constituyente y la segunda cuando fue elegido por concurso). Banegas detall\u00f3 que el reglamento interno de designaci\u00f3n se\u00f1ala que estar en el cargo vigente no interfiere en la designaci\u00f3n ni afecta al proceso. ( Andes)<\/p>\n","protected":false},"excerpt":{"rendered":"<p>Esta ma\u00f1ana, el pleno del Consejo de Participaci\u00f3n Ciudadana y Control Social (Cpccs) conoci\u00f3 la terna del Ejecutivo para elegir<\/p>\n","protected":false},"author":1,"featured_media":0,"comment_status":"open","ping_status":"open","sticky":false,"template":"","format":"standard","meta":{"footnotes":""},"categories":[1],"tags":[],"_links":{"self":[{"href":"https:\/\/www.ecuadoraldia.com.ec\/index.php?rest_route=\/wp\/v2\/posts\/6685"}],"collection":[{"href":"https:\/\/www.ecuadoraldia.com.ec\/index.php?rest_route=\/wp\/v2\/posts"}],"about":[{"href":"https:\/\/www.ecuadoraldia.com.ec\/index.php?rest_route=\/wp\/v2\/types\/post"}],"author":[{"embeddable":true,"href":"https:\/\/www.ecuadoraldia.com.ec\/index.php?rest_route=\/wp\/v2\/users\/1"}],"replies":[{"embeddable":true,"href":"https:\/\/www.ecuadoraldia.com.ec\/index.php?rest_route=%2Fwp%2Fv2%2Fcomments&post=6685"}],"version-history":[{"count":1,"href":"https:\/\/www.ecuadoraldia.com.ec\/index.php?rest_route=\/wp\/v2\/posts\/6685\/revisions"}],"predecessor-version":[{"id":6687,"href":"https:\/\/www.ecuadoraldia.com.ec\/index.php?rest_route=\/wp\/v2\/posts\/6685\/revisions\/6687"}],"wp:attachment":[{"href":"https:\/\/www.ecuadoraldia.com.ec\/index.php?rest_route=%2Fwp%2Fv2%2Fmedia&parent=6685"}],"wp:term":[{"taxonomy":"category","embeddable":true,"href":"https:\/\/www.ecuadoraldia.com.ec\/index.php?rest_route=%2Fwp%2Fv2%2Fcategories&post=6685"},{"taxonomy":"post_tag","embeddable":true,"href":"https:\/\/www.ecuadoraldia.com.ec\/index.php?rest_route=%2Fwp%2Fv2%2Ftags&post=6685"}],"curies":[{"name":"wp","href":"https:\/\/api.w.org\/{rel}","templated":true}]}}