{"id":6691,"date":"2014-12-22T22:27:26","date_gmt":"2014-12-22T22:27:26","guid":{"rendered":"http:\/\/www.ecuadoraldia.com.ec\/?p=6691"},"modified":"2014-12-22T22:27:26","modified_gmt":"2014-12-22T22:27:26","slug":"vuelos-directos-a-ecuador-desde-espana-a-partir-de-enero-de-2015","status":"publish","type":"post","link":"https:\/\/www.ecuadoraldia.com.ec\/?p=6691","title":{"rendered":"Vuelos directos a Ecuador desde Espa\u00f1a a partir de enero de 2015"},"content":{"rendered":"<p style=\"text-align: justify;\"><a href=\"http:\/\/www.ecuadoraldia.com.ec\/wp-content\/uploads\/2014\/12\/avion-iberia.jpg\"><img loading=\"lazy\" decoding=\"async\" class=\"alignleft size-medium wp-image-6692\" src=\"http:\/\/www.ecuadoraldia.com.ec\/wp-content\/uploads\/2014\/12\/avion-iberia-300x203.jpg\" alt=\"avion iberia\" width=\"300\" height=\"203\" srcset=\"https:\/\/www.ecuadoraldia.com.ec\/wp-content\/uploads\/2014\/12\/avion-iberia-300x203.jpg 300w, https:\/\/www.ecuadoraldia.com.ec\/wp-content\/uploads\/2014\/12\/avion-iberia.jpg 960w\" sizes=\"(max-width: 300px) 100vw, 300px\" \/><\/a>Desde el 20 de enero del 2015, la Aerolinea espa\u00f1ola IBERIA, realizar\u00e1 vueslos directos a Ecuador. El costo ser\u00e1 de 840 euros.<\/p>\n<p style=\"text-align: justify;\">Estos precios est\u00e1n sujetos a variaciones seg\u00fan la disponibilidad de plazas de las compa\u00f1\u00edas a\u00e9reas al momento de realizar la consulta.<\/p>\n<p style=\"text-align: justify;\">Si quieres viajar con confianza, seguridad y sobre todo con byenas ofertas con buenas, comuniquese al: 602583194 913154661 o Ser\u00e1 un placer poderlos atender. Belty Zambrano E-mail: belty7@hotmail.com.<\/p>\n<div class=\"_5wd4 _1nc7 direction_ltr _5yt9 _2cnu\" style=\"color: #141823;\" data-reactid=\".9v.$mid=11419285797068=2c36f860a7bc4fa6478\">\n<div class=\"_5wd9\" data-reactid=\".9v.$mid=11419285797068=2c36f860a7bc4fa6478.2:0\">\n<div class=\"_5wde\" data-reactid=\".9v.$mid=11419285797068=2c36f860a7bc4fa6478.2:0.0\">\n<div class=\"_5wdf _5w1r\" style=\"color: #373e4d;\" data-reactid=\".9v.$mid=11419285797068=2c36f860a7bc4fa6478.2:0.0.0\">\n<div data-reactid=\".9v.$mid=11419285797068=2c36f860a7bc4fa6478.2:0.0.0.0\"><span class=\"_5yl5\" data-reactid=\".9v.$mid=11419285797068=2c36f860a7bc4fa6478.2:0.0.0.0.0\">Geovanny Hurtado Director,\u00a0<\/span>Belty Zambrano. \u00a0Relaciones Publicas<\/div>\n<\/div>\n<\/div>\n<\/div>\n<\/div>\n<p style=\"text-align: justify;\">Durante esta temporada muchas familias que viven es Espa\u00f1a, visitan a sus familiares en diferentes partes del mundo, entre ellos\u00a0los ecuatorianos, una de las comunidades de inmigrantes m\u00e1s grandes en el Pa\u00eds Ib\u00e9rico.<\/p>\n","protected":false},"excerpt":{"rendered":"<p>Desde el 20 de enero del 2015, la Aerolinea espa\u00f1ola IBERIA, realizar\u00e1 vueslos directos a Ecuador. El costo ser\u00e1 de<\/p>\n","protected":false},"author":1,"featured_media":0,"comment_status":"open","ping_status":"open","sticky":false,"template":"","format":"standard","meta":{"footnotes":""},"categories":[17],"tags":[],"_links":{"self":[{"href":"https:\/\/www.ecuadoraldia.com.ec\/index.php?rest_route=\/wp\/v2\/posts\/6691"}],"collection":[{"href":"https:\/\/www.ecuadoraldia.com.ec\/index.php?rest_route=\/wp\/v2\/posts"}],"about":[{"href":"https:\/\/www.ecuadoraldia.com.ec\/index.php?rest_route=\/wp\/v2\/types\/post"}],"author":[{"embeddable":true,"href":"https:\/\/www.ecuadoraldia.com.ec\/index.php?rest_route=\/wp\/v2\/users\/1"}],"replies":[{"embeddable":true,"href":"https:\/\/www.ecuadoraldia.com.ec\/index.php?rest_route=%2Fwp%2Fv2%2Fcomments&post=6691"}],"version-history":[{"count":1,"href":"https:\/\/www.ecuadoraldia.com.ec\/index.php?rest_route=\/wp\/v2\/posts\/6691\/revisions"}],"predecessor-version":[{"id":6693,"href":"https:\/\/www.ecuadoraldia.com.ec\/index.php?rest_route=\/wp\/v2\/posts\/6691\/revisions\/6693"}],"wp:attachment":[{"href":"https:\/\/www.ecuadoraldia.com.ec\/index.php?rest_route=%2Fwp%2Fv2%2Fmedia&parent=6691"}],"wp:term":[{"taxonomy":"category","embeddable":true,"href":"https:\/\/www.ecuadoraldia.com.ec\/index.php?rest_route=%2Fwp%2Fv2%2Fcategories&post=6691"},{"taxonomy":"post_tag","embeddable":true,"href":"https:\/\/www.ecuadoraldia.com.ec\/index.php?rest_route=%2Fwp%2Fv2%2Ftags&post=6691"}],"curies":[{"name":"wp","href":"https:\/\/api.w.org\/{rel}","templated":true}]}}