{"id":6694,"date":"2014-12-22T22:38:59","date_gmt":"2014-12-22T22:38:59","guid":{"rendered":"http:\/\/www.ecuadoraldia.com.ec\/?p=6694"},"modified":"2014-12-22T22:38:59","modified_gmt":"2014-12-22T22:38:59","slug":"ecuador-celebra-la-mayor-repatriacion-de-bienes-patrimoniales-de-su-historia","status":"publish","type":"post","link":"https:\/\/www.ecuadoraldia.com.ec\/?p=6694","title":{"rendered":"Ecuador celebra la mayor repatriaci\u00f3n de bienes patrimoniales de su historia"},"content":{"rendered":"<p style=\"text-align: justify;\"><a href=\"http:\/\/www.ecuadoraldia.com.ec\/wp-content\/uploads\/2014\/12\/cultura-pieza.jpg\"><img loading=\"lazy\" decoding=\"async\" class=\"alignleft size-medium wp-image-6695\" src=\"http:\/\/www.ecuadoraldia.com.ec\/wp-content\/uploads\/2014\/12\/cultura-pieza-300x199.jpg\" alt=\"221214_SAD_CULT_RECUPERACION_PIEZAS_ARQUEOLOGICAS_EDI-2.jpg\" width=\"300\" height=\"199\" srcset=\"https:\/\/www.ecuadoraldia.com.ec\/wp-content\/uploads\/2014\/12\/cultura-pieza-300x199.jpg 300w, https:\/\/www.ecuadoraldia.com.ec\/wp-content\/uploads\/2014\/12\/cultura-pieza.jpg 800w\" sizes=\"(max-width: 300px) 100vw, 300px\" \/><\/a>Las autoridades ecuatorianas procedieron este lunes a la apertura de los sellos de seguridad de una de las cajas con m\u00e1s de 4.000 piezas arqueol\u00f3gicas que fueron recuperadas en Italia, en lo que constituye la repatriaci\u00f3n m\u00e1s grande en la historia de Ecuador.<\/p>\n<p style=\"text-align: justify;\">Las piezas -en perfecto estado de conservaci\u00f3n- forman parte de cuatro colecciones que fueron sacadas de forma ilegal del pa\u00eds a\u00f1os atr\u00e1s, entre las que figuran vasijas, collares y sellos. Se trata de la Colecci\u00f3n Norero (2.806 objetos), G\u00e9nova-Aduana (639 objetos), Pavesi (462 objetos y 225 fragmentos) y Baronetto (223 objetos y 59 fragmentos).<\/p>\n<p style=\"text-align: justify;\">Los objetos pertenecen a culturas precolombinas como Chorrera, Valdivia, Bah\u00eda, Guangala, Mante\u00f1a y Jama Coaque, entre las m\u00e1s antiguas de Am\u00e9rica. Ser\u00e1n incluidos en los registros de bienes arqueol\u00f3gicos y patrimoniales del Estado.<\/p>\n<p style=\"text-align: justify;\">Sebasti\u00e1n Gonz\u00e1lez, presidente del Comit\u00e9 Nacional de Lucha contra el Tr\u00e1fico Il\u00edcito de Bienes Culturales, record\u00f3 que las piezas fueron tra\u00eddas v\u00eda mar\u00edtima desde el puerto de G\u00e9nova. Explic\u00f3 que la recuperaci\u00f3n \u00abhist\u00f3rica\u00bb fue un proceso largo y arduo entre varias instituciones.<\/p>\n<p style=\"text-align: justify;\">Dijo que la Colecci\u00f3n Norero es la m\u00e1s grande y estaba en manos de una familia italiana, que como un gesto de sensibilidad decidi\u00f3 entregar las piezas a las autoridades.<\/p>\n<p>Mientras que la Colecci\u00f3n Baronetto fue recuperada tras m\u00e1s de 10 a\u00f1os de litigio internacional, que finalmente en 2014 tuvo una sentencia a favor del Estado ecuatoriano.<\/p>\n<p style=\"text-align: justify;\">El ministro de Cultura y Patrimonio, Francisco Borja, recalc\u00f3 el trabajo en equipo que permiti\u00f3 la recuperaci\u00f3n de los bienes arqueol\u00f3gicos. Indic\u00f3 que aunque son procesos largos, que demandan incluso intervenciones judiciales, cada vez son m\u00e1s pa\u00edses los que se adhieren a los diversos instrumentos que permiten el retorno de estos bienes a sus naciones de origen.<\/p>\n<p style=\"text-align: justify;\">\u00abLos pa\u00edses industrializados organizaron sus museos adquiriendo materiales arqueol\u00f3gicos saqueados\u00bb, declar\u00f3 de su lado la directora del Instituto Nacional de Patrimonio Cultural (INPC), Luc\u00eda Chiriboga.<\/p>\n<p style=\"text-align: justify;\">A\u00f1adi\u00f3 que \u00ablos \u00faltimos 60 a\u00f1os han sido funestos para la arqueolog\u00eda, los campesinos ecuatorianos pobres son alentados por los traficantes a robar las tumbas de sus antepasados para abastecer el mercado mundial de coleccionistas\u00bb.<\/p>\n<p style=\"text-align: justify;\">En tanto que Guillaume Long, ministro coordinador de Conocimiento y Talento Humano, subray\u00f3 que el comit\u00e9 seguir\u00e1 luchando para recuperar los bienes que ilegalmente han salido del pa\u00eds. Destac\u00f3 que desde el a\u00f1o pasado han retornado m\u00e1s de 8.000 piezas.<\/p>\n<p style=\"text-align: justify;\">Long tambi\u00e9n indic\u00f3 que M\u00e9xico y Ecuador presiden reuniones para impulsar reformas a una convenci\u00f3n contra el tr\u00e1fico de piezas culturales, creada en 1970, que establece obligaciones para los Estados en materia de protecci\u00f3n, control y restituci\u00f3n de bienes.<\/p>\n<p style=\"text-align: justify;\">El funcionario se\u00f1al\u00f3 que las reformas deben incluir, entre otros, sanciones a casas de subastas que compran y revenden los objetos patrimoniales, \u00abmuchas veces sabiendo que son robadas y que provienen del tr\u00e1fico il\u00edcito\u00bb.<\/p>\n<p style=\"text-align: justify;\">Adem\u00e1s, el Secretario de Estado manifest\u00f3 que se propondr\u00e1 que se haga un registro universal del patrimonio de los pa\u00edses.<\/p>\n<p style=\"text-align: justify;\">Luego de un proceso de catalogaci\u00f3n de las piezas, las m\u00e1s representativas ser\u00e1n expuestas se estima, en el primer trimestre de 2015, a\u00f1adi\u00f3 Long.<\/p>\n<p style=\"text-align: justify;\">En tanto que Gianni Picatto, embajador de Italia en Ecuador, sostuvo que no faltar\u00e1 el apoyo de su pa\u00eds \u00abpara definir una pol\u00edtica internacional que resguarde el patrimonio de todos\u00bb.(Tel\u00e9grafo)<\/p>\n","protected":false},"excerpt":{"rendered":"<p>Las autoridades ecuatorianas procedieron este lunes a la apertura de los sellos de seguridad de una de las cajas con<\/p>\n","protected":false},"author":1,"featured_media":0,"comment_status":"open","ping_status":"open","sticky":false,"template":"","format":"standard","meta":{"footnotes":""},"categories":[1],"tags":[],"_links":{"self":[{"href":"https:\/\/www.ecuadoraldia.com.ec\/index.php?rest_route=\/wp\/v2\/posts\/6694"}],"collection":[{"href":"https:\/\/www.ecuadoraldia.com.ec\/index.php?rest_route=\/wp\/v2\/posts"}],"about":[{"href":"https:\/\/www.ecuadoraldia.com.ec\/index.php?rest_route=\/wp\/v2\/types\/post"}],"author":[{"embeddable":true,"href":"https:\/\/www.ecuadoraldia.com.ec\/index.php?rest_route=\/wp\/v2\/users\/1"}],"replies":[{"embeddable":true,"href":"https:\/\/www.ecuadoraldia.com.ec\/index.php?rest_route=%2Fwp%2Fv2%2Fcomments&post=6694"}],"version-history":[{"count":1,"href":"https:\/\/www.ecuadoraldia.com.ec\/index.php?rest_route=\/wp\/v2\/posts\/6694\/revisions"}],"predecessor-version":[{"id":6696,"href":"https:\/\/www.ecuadoraldia.com.ec\/index.php?rest_route=\/wp\/v2\/posts\/6694\/revisions\/6696"}],"wp:attachment":[{"href":"https:\/\/www.ecuadoraldia.com.ec\/index.php?rest_route=%2Fwp%2Fv2%2Fmedia&parent=6694"}],"wp:term":[{"taxonomy":"category","embeddable":true,"href":"https:\/\/www.ecuadoraldia.com.ec\/index.php?rest_route=%2Fwp%2Fv2%2Fcategories&post=6694"},{"taxonomy":"post_tag","embeddable":true,"href":"https:\/\/www.ecuadoraldia.com.ec\/index.php?rest_route=%2Fwp%2Fv2%2Ftags&post=6694"}],"curies":[{"name":"wp","href":"https:\/\/api.w.org\/{rel}","templated":true}]}}