{"id":6697,"date":"2014-12-22T22:42:58","date_gmt":"2014-12-22T22:42:58","guid":{"rendered":"http:\/\/www.ecuadoraldia.com.ec\/?p=6697"},"modified":"2014-12-22T22:42:58","modified_gmt":"2014-12-22T22:42:58","slug":"proceso-en-contra-de-3-exjueces-de-la-corte-suprema-se-define-esta-tarde","status":"publish","type":"post","link":"https:\/\/www.ecuadoraldia.com.ec\/?p=6697","title":{"rendered":"Proceso en contra de 3 exjueces de la Corte Suprema se define esta tarde"},"content":{"rendered":"<p style=\"text-align: justify;\"><a href=\"http:\/\/www.ecuadoraldia.com.ec\/wp-content\/uploads\/2014\/12\/jueces-ex.jpg\"><img loading=\"lazy\" decoding=\"async\" class=\"alignleft size-medium wp-image-6698\" src=\"http:\/\/www.ecuadoraldia.com.ec\/wp-content\/uploads\/2014\/12\/jueces-ex-300x199.jpg\" alt=\"jueces ex\" width=\"300\" height=\"199\" srcset=\"https:\/\/www.ecuadoraldia.com.ec\/wp-content\/uploads\/2014\/12\/jueces-ex-300x199.jpg 300w, https:\/\/www.ecuadoraldia.com.ec\/wp-content\/uploads\/2014\/12\/jueces-ex.jpg 450w\" sizes=\"(max-width: 300px) 100vw, 300px\" \/><\/a>La Fiscal\u00eda General del Estado inici\u00f3 el proceso en contra de Edwin S., Luis A. y M\u00e1ximo O., exmagistrados de la Corte Suprema, por presunto delito de prevaricato.<\/p>\n<p style=\"text-align: justify;\">Los exjueces est\u00e1n acusados de haber emitido un dictamen con el cual revocaron una sentencia de 25 a\u00f1os de prisi\u00f3n en contra de Jorge Reyes T., por delito de narcotr\u00e1fico.<\/p>\n<p style=\"text-align: justify;\">El 26 de septiembre de 2011, los magistrados fueron sobrese\u00eddos definitivamente. Sin embargo, el 3 de abril de 2012, la sala penal de la CNJ recept\u00f3 el proceso para conocer y resolver el recurso de apelaci\u00f3n del auto de sobreseimiento definitivo interpuesto por la Fiscal\u00eda General.<\/p>\n<p style=\"text-align: justify;\">El pasado 9 de diciembre de 2014, no se instal\u00f3 la diligencia por ausencia de uno de los abogados de la defensa. En esta ocasi\u00f3n s\u00ed estuvieron presentes los abogados de los procesados.<\/p>\n<p style=\"text-align: justify;\">El tribunal de lo Penal se encuentra conformado por los jueces \u00c9dgar Flores, Zulema Pachacama y Richard Villag\u00f3mez.<\/p>\n<p style=\"text-align: justify;\">En una primera fase, la fiscal subrogante, Cecilia Armas, explic\u00f3 los argumentos bajo los cuales present\u00f3 el recurso. Asegur\u00f3 que el proceso de apelaci\u00f3n s\u00ed se cumpli\u00f3 de acuerdo a derecho, por lo que s\u00ed procede el juicio.<\/p>\n<p style=\"text-align: justify;\">Los argumentos presentados por la defensa de los exjueces, en cambio, se\u00f1alaron que el recurso de apelaci\u00f3n debi\u00f3 resolverse en la Sala Penal de CNJ en un plazo de 90 d\u00edas, contados desde la fecha de recepci\u00f3n del proceso. Esto fue desde el 3 de abril hasta el 3 de julio de 2012.<\/p>\n<p style=\"text-align: justify;\">Emiliano Donoso, uno de los abogados, solicit\u00f3 al tribunal que se confirme que el auto de sobreseimiento definitivo, puesto que el recurso planteado nunca se resolvi\u00f3 y qued\u00f3 confirmado por el Ministerio de la Ley.<\/p>\n<p>&nbsp;<\/p>\n","protected":false},"excerpt":{"rendered":"<p>La Fiscal\u00eda General del Estado inici\u00f3 el proceso en contra de Edwin S., Luis A. y M\u00e1ximo O., exmagistrados de<\/p>\n","protected":false},"author":1,"featured_media":0,"comment_status":"open","ping_status":"open","sticky":false,"template":"","format":"standard","meta":{"footnotes":""},"categories":[5],"tags":[],"_links":{"self":[{"href":"https:\/\/www.ecuadoraldia.com.ec\/index.php?rest_route=\/wp\/v2\/posts\/6697"}],"collection":[{"href":"https:\/\/www.ecuadoraldia.com.ec\/index.php?rest_route=\/wp\/v2\/posts"}],"about":[{"href":"https:\/\/www.ecuadoraldia.com.ec\/index.php?rest_route=\/wp\/v2\/types\/post"}],"author":[{"embeddable":true,"href":"https:\/\/www.ecuadoraldia.com.ec\/index.php?rest_route=\/wp\/v2\/users\/1"}],"replies":[{"embeddable":true,"href":"https:\/\/www.ecuadoraldia.com.ec\/index.php?rest_route=%2Fwp%2Fv2%2Fcomments&post=6697"}],"version-history":[{"count":1,"href":"https:\/\/www.ecuadoraldia.com.ec\/index.php?rest_route=\/wp\/v2\/posts\/6697\/revisions"}],"predecessor-version":[{"id":6699,"href":"https:\/\/www.ecuadoraldia.com.ec\/index.php?rest_route=\/wp\/v2\/posts\/6697\/revisions\/6699"}],"wp:attachment":[{"href":"https:\/\/www.ecuadoraldia.com.ec\/index.php?rest_route=%2Fwp%2Fv2%2Fmedia&parent=6697"}],"wp:term":[{"taxonomy":"category","embeddable":true,"href":"https:\/\/www.ecuadoraldia.com.ec\/index.php?rest_route=%2Fwp%2Fv2%2Fcategories&post=6697"},{"taxonomy":"post_tag","embeddable":true,"href":"https:\/\/www.ecuadoraldia.com.ec\/index.php?rest_route=%2Fwp%2Fv2%2Ftags&post=6697"}],"curies":[{"name":"wp","href":"https:\/\/api.w.org\/{rel}","templated":true}]}}