{"id":6700,"date":"2014-12-22T23:02:32","date_gmt":"2014-12-22T23:02:32","guid":{"rendered":"http:\/\/www.ecuadoraldia.com.ec\/?p=6700"},"modified":"2014-12-22T23:02:32","modified_gmt":"2014-12-22T23:02:32","slug":"detienen-a-otro-alcalde-en-mexico-por-la-desaparicion-de-los-43-estudiantes","status":"publish","type":"post","link":"https:\/\/www.ecuadoraldia.com.ec\/?p=6700","title":{"rendered":"Detienen a otro alcalde en M\u00e9xico por la desaparici\u00f3n de los 43 estudiantes"},"content":{"rendered":"<p style=\"text-align: justify;\"><a href=\"http:\/\/www.ecuadoraldia.com.ec\/wp-content\/uploads\/2014\/12\/los-43.jpg\"><img loading=\"lazy\" decoding=\"async\" class=\"alignleft size-medium wp-image-6701\" src=\"http:\/\/www.ecuadoraldia.com.ec\/wp-content\/uploads\/2014\/12\/los-43-300x168.jpg\" alt=\"los 43\" width=\"300\" height=\"168\" srcset=\"https:\/\/www.ecuadoraldia.com.ec\/wp-content\/uploads\/2014\/12\/los-43-300x168.jpg 300w, https:\/\/www.ecuadoraldia.com.ec\/wp-content\/uploads\/2014\/12\/los-43.jpg 770w\" sizes=\"(max-width: 300px) 100vw, 300px\" \/><\/a>Cr\u00e9dito: AP. El alcalde del municipio mexicano de Cocula, C\u00e9sar Miguel Pe\u00f1aloza, fue detenido de manera preventiva por la presunta masacre de los 43 estudiantes de la Escuela Normal Rural de Ayotzinapa, en el estado sure\u00f1o de Guerrero. El gobernador de Guerrero, Rogelio Ortega, aclar\u00f3 as\u00ed que Pe\u00f1aloza no est\u00e1 desaparecido, como lo denunciaron el fin de semana su esposa, Lizbeth Alarc\u00f3n Rodr\u00edguez, y el diputado del Partido de la Revoluci\u00f3n Democr\u00e1tica (PRD) Miguel Alonso Raya.<\/p>\n<p style=\"text-align: justify;\">Raya y la esposa del alcalde afirmaron que desconoc\u00edan el paradero de Pe\u00f1aloza desde el pasado viernes, cuando el pol\u00edtico se desplaz\u00f3 a la capital mexicana para responder a un citatorio de la Procuradur\u00eda General de la Rep\u00fablica. \u00abEst\u00e1 arraigado en la SEIDO (Subprocuradur\u00eda Especializada en Investigaci\u00f3n de Delincuencia Organizada) por la desaparici\u00f3n de los normalistas y todo el drama que se ha vivido en la regi\u00f3n, particularmente en el municipio de Cocula\u00bb, afirm\u00f3 Ortega a Radio Red.<\/p>\n<p style=\"text-align: justify;\"><a href=\"http:\/\/www.ecuadoraldia.com.ec\/wp-content\/uploads\/2014\/12\/alcalde.jpg\"><img loading=\"lazy\" decoding=\"async\" class=\"alignleft size-medium wp-image-6702\" src=\"http:\/\/www.ecuadoraldia.com.ec\/wp-content\/uploads\/2014\/12\/alcalde-300x168.jpg\" alt=\"alcalde\" width=\"300\" height=\"168\" srcset=\"https:\/\/www.ecuadoraldia.com.ec\/wp-content\/uploads\/2014\/12\/alcalde-300x168.jpg 300w, https:\/\/www.ecuadoraldia.com.ec\/wp-content\/uploads\/2014\/12\/alcalde.jpg 770w\" sizes=\"(max-width: 300px) 100vw, 300px\" \/><\/a><\/p>\n<p style=\"text-align: justify;\">C\u00e9sar Miguel Pe\u00f1aloza. En declaraciones a Milenio televisi\u00f3n, Raya hab\u00eda pedido a la PGR que informara si el alcalde se present\u00f3 o no a declarar, ya que el fin de semana no se present\u00f3 a una actividad que ten\u00eda prevista en su municipio con motivo de las festividades de fin de a\u00f1o. \u00abLas autoridades que est\u00e1n investigando un asunto tan delicado como la desaparici\u00f3n de los 43 muchachos de Ayotzinapa deben cuidar a personajes como al que nos referimos para efectos de garantizar la investigaci\u00f3n\u00bb, se\u00f1al\u00f3.<\/p>\n<p style=\"text-align: justify;\">El diputado pidi\u00f3 a las autoridades esclarecer el m\u00f3vil de la desaparici\u00f3n de los j\u00f3venes el 26 de septiembre pasado en el municipio de Iguala, vecino a Cocula, tras una serie de ataques a tiros presuntamente ordenados por el entonces alcalde, Jos\u00e9 Luis Abarca, en los que murieron seis personas y 25 resultaron heridas.<\/p>\n<p style=\"text-align: justify;\">\nEl viernes hubo protestas contra el alcalde de Acapulco por este mismo caso<br \/>\nLEA M\u00c1S: M\u00e9xico registr\u00f3 14.413 homicidios entre los meses de enero y noviembre de este a\u00f1o<\/p>\n<p style=\"text-align: justify;\">Seg\u00fan la investigaci\u00f3n oficial, los estudiantes de entre 18 y 21 a\u00f1os fueron detenidos por polic\u00edas de Iguala y Cocula y despu\u00e9s entregados a miembros del c\u00e1rtel Guerreros Unidos. De acuerdo con tres integrantes del grupo criminal detenidos, los j\u00f3venes fueron asesinados e incinerados en un basurero de Cocula para desaparecer su rastro, una versi\u00f3n en la que no creen sus familiares.<\/p>\n<p style=\"text-align: justify;\">Aunque un laboratorio de Austria confirm\u00f3 que fragmentos de los restos encontrados por las autoridades corresponden a Alexander Mora, uno de los desaparecidos, el equipo forense argentino que participa en la investigaci\u00f3n aclar\u00f3 que \u00abno fue testigo del hallazgo del fragmento que culmin\u00f3 en esta identificaci\u00f3n\u00bb. El caso, a tres meses de haber ocurrido, estremece a todo M\u00e9xico.<\/p>\n","protected":false},"excerpt":{"rendered":"<p>Cr\u00e9dito: AP. El alcalde del municipio mexicano de Cocula, C\u00e9sar Miguel Pe\u00f1aloza, fue detenido de manera preventiva por la presunta<\/p>\n","protected":false},"author":1,"featured_media":0,"comment_status":"open","ping_status":"open","sticky":false,"template":"","format":"standard","meta":{"footnotes":""},"categories":[7],"tags":[],"_links":{"self":[{"href":"https:\/\/www.ecuadoraldia.com.ec\/index.php?rest_route=\/wp\/v2\/posts\/6700"}],"collection":[{"href":"https:\/\/www.ecuadoraldia.com.ec\/index.php?rest_route=\/wp\/v2\/posts"}],"about":[{"href":"https:\/\/www.ecuadoraldia.com.ec\/index.php?rest_route=\/wp\/v2\/types\/post"}],"author":[{"embeddable":true,"href":"https:\/\/www.ecuadoraldia.com.ec\/index.php?rest_route=\/wp\/v2\/users\/1"}],"replies":[{"embeddable":true,"href":"https:\/\/www.ecuadoraldia.com.ec\/index.php?rest_route=%2Fwp%2Fv2%2Fcomments&post=6700"}],"version-history":[{"count":1,"href":"https:\/\/www.ecuadoraldia.com.ec\/index.php?rest_route=\/wp\/v2\/posts\/6700\/revisions"}],"predecessor-version":[{"id":6703,"href":"https:\/\/www.ecuadoraldia.com.ec\/index.php?rest_route=\/wp\/v2\/posts\/6700\/revisions\/6703"}],"wp:attachment":[{"href":"https:\/\/www.ecuadoraldia.com.ec\/index.php?rest_route=%2Fwp%2Fv2%2Fmedia&parent=6700"}],"wp:term":[{"taxonomy":"category","embeddable":true,"href":"https:\/\/www.ecuadoraldia.com.ec\/index.php?rest_route=%2Fwp%2Fv2%2Fcategories&post=6700"},{"taxonomy":"post_tag","embeddable":true,"href":"https:\/\/www.ecuadoraldia.com.ec\/index.php?rest_route=%2Fwp%2Fv2%2Ftags&post=6700"}],"curies":[{"name":"wp","href":"https:\/\/api.w.org\/{rel}","templated":true}]}}