{"id":6704,"date":"2014-12-22T23:05:44","date_gmt":"2014-12-22T23:05:44","guid":{"rendered":"http:\/\/www.ecuadoraldia.com.ec\/?p=6704"},"modified":"2014-12-22T23:14:37","modified_gmt":"2014-12-22T23:14:37","slug":"estados-unidos-pedira-a-cuba-que-indemnice-a-las-empresas-expropiadas-por-el-regimen","status":"publish","type":"post","link":"https:\/\/www.ecuadoraldia.com.ec\/?p=6704","title":{"rendered":"Estados Unidos pedir\u00e1 a Cuba que indemnice a las empresas expropiadas por el r\u00e9gimen"},"content":{"rendered":"<p style=\"text-align: justify;\"><a href=\"http:\/\/www.ecuadoraldia.com.ec\/wp-content\/uploads\/2014\/12\/cuba.jpg\"><img loading=\"lazy\" decoding=\"async\" class=\"alignleft size-medium wp-image-6705\" src=\"http:\/\/www.ecuadoraldia.com.ec\/wp-content\/uploads\/2014\/12\/cuba-300x168.jpg\" alt=\"cuba\" width=\"300\" height=\"168\" srcset=\"https:\/\/www.ecuadoraldia.com.ec\/wp-content\/uploads\/2014\/12\/cuba-300x168.jpg 300w, https:\/\/www.ecuadoraldia.com.ec\/wp-content\/uploads\/2014\/12\/cuba.jpg 770w\" sizes=\"(max-width: 300px) 100vw, 300px\" \/><\/a>Cr\u00e9dito: Reuter. Las autoridades de los Estados Unidos prev\u00e9n discutir con Cuba una soluci\u00f3n a las compensaciones que exigen las compa\u00f1\u00edas estadounidenses, que en su mayor\u00eda est\u00e1n vinculadas a expropiaciones llevadas a cabo despu\u00e9s de que Fidel Castro llegara al poder en 1959.Varias empresas -entre ellas Coca-Cola, Exxon Mobil y Colgate-Palmolive- tienen pendientes reclamaciones por un total de m\u00e1s de 7.000 millones de d\u00f3lares.<\/p>\n<p style=\"text-align: justify;\">\u00abEl restablecimiento de relaciones diplom\u00e1ticas permitir\u00e1 a los Estados Unidos trabajar de forma m\u00e1s efectiva con el Gobierno cubano en un abanico de asuntos importantes, incluidas las reclamaciones por parte de estadounidenses\u00bb, dijo al Wall Street Journal una fuente del Departamento de Estado, que recalc\u00f3 que el asunto es una \u00abprioridad\u00bb para Washington.<\/p>\n<p>La mayor de ellas demandas corresponde a una filial de la compa\u00f1\u00eda de materiales de oficina Office Depot. Tras varios acuerdos y fusiones en los \u00faltimos a\u00f1os, la empresa es actualmente propietaria de Cuban Electric Co., una energ\u00e9tica que en 1960 suministraba m\u00e1s del 90 % de la electricidad vendida en Cuba y que el r\u00e9gimen nacionaliz\u00f3, seg\u00fan el peri\u00f3dico. Sin intereses, esa reclamaci\u00f3n asciende a 267,6 millones de d\u00f3lares.<\/p>\n<p>El Congreso estadounidense solicit\u00f3 en 1964 a una agencia del Departamento de Justicia que determinara la validez y el valor de las compensaciones solicitadas por empresas estadounidenses. El proceso, que llev\u00f3 seis a\u00f1os, se cerr\u00f3 con el reconocimiento de casi 6.000 reclamaciones por un valor total de 1.800 millones de d\u00f3lares, que por los intereses habr\u00edan aumentado ya hasta los 7.000 millones.<\/p>\n<p>El discurso de Obama sobre el acuerdo con Cuba<\/p>\n<p style=\"text-align: justify;\">El presidente de los Estados Unidos Barack Obama anunci\u00f3 el pasado mi\u00e9rcoles el comienzo de un proceso para normalizar las relaciones diplom\u00e1ticas con Cuba, rotas desde 1961, ante el fracaso de la pol\u00edtica de aislamiento llevada a cabo durante d\u00e9cadas. A la par, el cubano Ra\u00fal Castro tambi\u00e9n manifest\u00f3 su voluntad de di\u00e1logo y pidi\u00f3 al pa\u00eds norteamericano levantar el embargo econ\u00f3mico que pesa sobre la isla.<\/p>\n","protected":false},"excerpt":{"rendered":"<p>Cr\u00e9dito: Reuter. Las autoridades de los Estados Unidos prev\u00e9n discutir con Cuba una soluci\u00f3n a las compensaciones que exigen las<\/p>\n","protected":false},"author":1,"featured_media":0,"comment_status":"open","ping_status":"open","sticky":false,"template":"","format":"standard","meta":{"footnotes":""},"categories":[7],"tags":[],"_links":{"self":[{"href":"https:\/\/www.ecuadoraldia.com.ec\/index.php?rest_route=\/wp\/v2\/posts\/6704"}],"collection":[{"href":"https:\/\/www.ecuadoraldia.com.ec\/index.php?rest_route=\/wp\/v2\/posts"}],"about":[{"href":"https:\/\/www.ecuadoraldia.com.ec\/index.php?rest_route=\/wp\/v2\/types\/post"}],"author":[{"embeddable":true,"href":"https:\/\/www.ecuadoraldia.com.ec\/index.php?rest_route=\/wp\/v2\/users\/1"}],"replies":[{"embeddable":true,"href":"https:\/\/www.ecuadoraldia.com.ec\/index.php?rest_route=%2Fwp%2Fv2%2Fcomments&post=6704"}],"version-history":[{"count":4,"href":"https:\/\/www.ecuadoraldia.com.ec\/index.php?rest_route=\/wp\/v2\/posts\/6704\/revisions"}],"predecessor-version":[{"id":6709,"href":"https:\/\/www.ecuadoraldia.com.ec\/index.php?rest_route=\/wp\/v2\/posts\/6704\/revisions\/6709"}],"wp:attachment":[{"href":"https:\/\/www.ecuadoraldia.com.ec\/index.php?rest_route=%2Fwp%2Fv2%2Fmedia&parent=6704"}],"wp:term":[{"taxonomy":"category","embeddable":true,"href":"https:\/\/www.ecuadoraldia.com.ec\/index.php?rest_route=%2Fwp%2Fv2%2Fcategories&post=6704"},{"taxonomy":"post_tag","embeddable":true,"href":"https:\/\/www.ecuadoraldia.com.ec\/index.php?rest_route=%2Fwp%2Fv2%2Ftags&post=6704"}],"curies":[{"name":"wp","href":"https:\/\/api.w.org\/{rel}","templated":true}]}}