{"id":6710,"date":"2014-12-22T23:15:17","date_gmt":"2014-12-22T23:15:17","guid":{"rendered":"http:\/\/www.ecuadoraldia.com.ec\/?p=6710"},"modified":"2014-12-22T23:15:17","modified_gmt":"2014-12-22T23:15:17","slug":"las-redes-se-rien-del-detalle-de-la-estatua-de-cristiano","status":"publish","type":"post","link":"https:\/\/www.ecuadoraldia.com.ec\/?p=6710","title":{"rendered":"Las redes se r\u00eden del \u00abdetalle\u00bb de la estatua de Cristiano"},"content":{"rendered":"<p><a href=\"http:\/\/www.ecuadoraldia.com.ec\/wp-content\/uploads\/2014\/12\/ro.jpg\"><img loading=\"lazy\" decoding=\"async\" class=\"alignleft size-medium wp-image-6711\" src=\"http:\/\/www.ecuadoraldia.com.ec\/wp-content\/uploads\/2014\/12\/ro-201x300.jpg\" alt=\"ro\" width=\"201\" height=\"300\" srcset=\"https:\/\/www.ecuadoraldia.com.ec\/wp-content\/uploads\/2014\/12\/ro-201x300.jpg 201w, https:\/\/www.ecuadoraldia.com.ec\/wp-content\/uploads\/2014\/12\/ro-688x1024.jpg 688w, https:\/\/www.ecuadoraldia.com.ec\/wp-content\/uploads\/2014\/12\/ro.jpg 770w\" sizes=\"(max-width: 201px) 100vw, 201px\" \/><\/a>Cristiano Ronaldo viaj\u00f3 de Marruecos a Portugal tras ganar el Mundial de Clubes con el Real Madrid y se emocion\u00f3 con la estatua en su honor que un escultor realiz\u00f3 en su Madeira natal.<\/p>\n<p>Luego del grato momento y la difusi\u00f3n de las im\u00e1genes, en las redes sociales observaron un detalle que para muchos se hab\u00eda pasado por alto. El miembro viril de CR7 se destaca por sobre el resto de su figura.<\/p>\n","protected":false},"excerpt":{"rendered":"<p>Cristiano Ronaldo viaj\u00f3 de Marruecos a Portugal tras ganar el Mundial de Clubes con el Real Madrid y se emocion\u00f3<\/p>\n","protected":false},"author":1,"featured_media":0,"comment_status":"open","ping_status":"open","sticky":false,"template":"","format":"standard","meta":{"footnotes":""},"categories":[10],"tags":[],"_links":{"self":[{"href":"https:\/\/www.ecuadoraldia.com.ec\/index.php?rest_route=\/wp\/v2\/posts\/6710"}],"collection":[{"href":"https:\/\/www.ecuadoraldia.com.ec\/index.php?rest_route=\/wp\/v2\/posts"}],"about":[{"href":"https:\/\/www.ecuadoraldia.com.ec\/index.php?rest_route=\/wp\/v2\/types\/post"}],"author":[{"embeddable":true,"href":"https:\/\/www.ecuadoraldia.com.ec\/index.php?rest_route=\/wp\/v2\/users\/1"}],"replies":[{"embeddable":true,"href":"https:\/\/www.ecuadoraldia.com.ec\/index.php?rest_route=%2Fwp%2Fv2%2Fcomments&post=6710"}],"version-history":[{"count":1,"href":"https:\/\/www.ecuadoraldia.com.ec\/index.php?rest_route=\/wp\/v2\/posts\/6710\/revisions"}],"predecessor-version":[{"id":6712,"href":"https:\/\/www.ecuadoraldia.com.ec\/index.php?rest_route=\/wp\/v2\/posts\/6710\/revisions\/6712"}],"wp:attachment":[{"href":"https:\/\/www.ecuadoraldia.com.ec\/index.php?rest_route=%2Fwp%2Fv2%2Fmedia&parent=6710"}],"wp:term":[{"taxonomy":"category","embeddable":true,"href":"https:\/\/www.ecuadoraldia.com.ec\/index.php?rest_route=%2Fwp%2Fv2%2Fcategories&post=6710"},{"taxonomy":"post_tag","embeddable":true,"href":"https:\/\/www.ecuadoraldia.com.ec\/index.php?rest_route=%2Fwp%2Fv2%2Ftags&post=6710"}],"curies":[{"name":"wp","href":"https:\/\/api.w.org\/{rel}","templated":true}]}}