{"id":6720,"date":"2014-12-23T12:21:27","date_gmt":"2014-12-23T12:21:27","guid":{"rendered":"http:\/\/www.ecuadoraldia.com.ec\/?p=6720"},"modified":"2014-12-23T12:21:27","modified_gmt":"2014-12-23T12:21:27","slug":"correa-resalta-voluntad-de-cuba-y-ee-uu-para-restablecer-vinculos-expresa-esperanza-en-fin-del-bloqueo","status":"publish","type":"post","link":"https:\/\/www.ecuadoraldia.com.ec\/?p=6720","title":{"rendered":"Correa resalta voluntad de Cuba y EE.UU. para restablecer v\u00ednculos; expresa esperanza en fin del bloqueo"},"content":{"rendered":"<p style=\"text-align: justify;\"><a href=\"http:\/\/www.ecuadoraldia.com.ec\/wp-content\/uploads\/2014\/12\/correa_con_los_medios.jpg\"><img loading=\"lazy\" decoding=\"async\" class=\"alignleft size-medium wp-image-6721\" src=\"http:\/\/www.ecuadoraldia.com.ec\/wp-content\/uploads\/2014\/12\/correa_con_los_medios-300x180.jpg\" alt=\"correa_con_los_medios\" width=\"300\" height=\"180\" srcset=\"https:\/\/www.ecuadoraldia.com.ec\/wp-content\/uploads\/2014\/12\/correa_con_los_medios-300x180.jpg 300w, https:\/\/www.ecuadoraldia.com.ec\/wp-content\/uploads\/2014\/12\/correa_con_los_medios.jpg 580w\" sizes=\"(max-width: 300px) 100vw, 300px\" \/><\/a>Quito, 23 dic (Andes).- El presidente ecuatoriano, Rafael Correa, resalt\u00f3 la voluntad de los gobiernos de Cuba y de Estados Unidos de restablecer sus relaciones diplom\u00e1ticas bilaterales y dijo que ojal\u00e1 ello represente el fin del bloqueo que por m\u00e1s de medio siglo mantiene el pa\u00eds norte\u00f1o contra la Isla.<\/p>\n<p style=\"text-align: justify;\">\u201cEl bloqueo era cuesti\u00f3n de fuerza. Qu\u00e9 bueno que haya la voluntad pol\u00edtica de los dos pa\u00edses para reanudar las relaciones diplom\u00e1ticas y ojal\u00e1 eso acabe con el bloqueo\u201d, afirm\u00f3 Correa en el \u00faltimo conversatorio del 2014 con los medios de comunicaci\u00f3n, realizado desde las Islas Gal\u00e1pagos este lunes.<\/p>\n<p style=\"text-align: justify;\">Correa felicit\u00f3 la normalizaci\u00f3n de relaciones entre Cuba y Estados Unidos y apunt\u00f3 que esta llegar\u00e1 con \u201cel fin del bloqueo criminal de 53 a\u00f1os, que ha costado vidas, riqueza y prosperidad a Cuba\u201d.<\/p>\n<p style=\"text-align: justify;\">A\u00f1adi\u00f3 que esa decisi\u00f3n debe ser un motivo de alegr\u00eda para toda Am\u00e9rica, por lo que la Uni\u00f3n de Naciones Suramericanas (Unasur) y la Comunidad de Estados Latinoamericanos y Caribe\u00f1os (Celac) deber\u00e1n brindar todo el apoyo para el restablecimiento de esos v\u00ednculos.<\/p>\n<p style=\"text-align: justify;\">El mandatario destac\u00f3 que a nivel de indicadores de desarrollo humano, Cuba es un pa\u00eds con grandes niveles de escolaridad, de esperanza de vida y de desarrollo, y una vez que sea levantado el bloqueo estadounidense, no duda que la naci\u00f3n antillana escalar\u00e1 m\u00e1s.<\/p>\n<p style=\"text-align: justify;\">Correa tambi\u00e9n se refiri\u00f3 al tema de la cooperaci\u00f3n alemana en el nivel ambiental y al respecto neg\u00f3 que la situaci\u00f3n creada pueda ocasionar problemas con otros pa\u00edses europeos.<\/p>\n<p style=\"text-align: justify;\">La semana pasada, el canciller Ricardo Pati\u00f1o anunci\u00f3 que se daba por terminada la cooperaci\u00f3n alemana luego de declaraciones de autoridades de ese pa\u00eds tras la suspensi\u00f3n de una visita de parlamentarios a Ecuador.<\/p>\n<p style=\"text-align: justify;\">El grupo pretend\u00eda recorrer en este mes los proyectos de explotaci\u00f3n petrolera en la zona amaz\u00f3nica del Yasun\u00ed y reunirse con representantes de organizaciones contrarias a la explotaci\u00f3n de la reserva petrolera, sobre el cual exist\u00eda un proyecto para su conservaci\u00f3n.<\/p>\n<p style=\"text-align: justify;\">\u00abComo amigos, las puertas abiertas, como supervisores las puertas cerradas\u00bb, dijo Pati\u00f1o, quien tambi\u00e9n inform\u00f3 que Ecuador devolver\u00e1 7 millones de d\u00f3lares aportados por los alemanes.<\/p>\n<p style=\"text-align: justify;\">En su di\u00e1logo con la prensa en las \u00faltimas horas, Correa se\u00f1al\u00f3 que el problema es la actitud, probablemente no del gobierno alem\u00e1n, sino de los parlamentarios, que han dicho que tienen derecho a ver qu\u00e9 se hace con el dinero de la cooperaci\u00f3n.<\/p>\n<p style=\"text-align: justify;\">\u201cTiene raz\u00f3n el cooperante de pedir informaci\u00f3n sobre su dinero, pero no es que puede poner en duda la palabra del gobierno (\u2026) Tiene derecho de preguntarle al gobierno por v\u00eda oficial, no a reunirse con \u00abYasunidos\u00bb (grupo de defensores de la no explotaci\u00f3n de esa reserva) para decirnos ladrones\u201d, destac\u00f3 el mandatario.<\/p>\n<p style=\"text-align: justify;\">Seg\u00fan explic\u00f3, Alemania no ha puesto ni un centavo para el Yasun\u00ed y la cooperaci\u00f3n que ha brindado ha sido para el programa \u00abSocio Bosque\u00bb. \u201cQu\u00e9dense con su plata. Bienvenidos como turistas, como amigos, pero como supervisores, qu\u00e9dense en Alemania\u201d, enfatiz\u00f3.<\/p>\n<p style=\"text-align: justify;\">El presidente anunci\u00f3, adem\u00e1s, que viajar\u00e1 a B\u00e9lgica para tomar sus vacaciones de Navidad y Fin de a\u00f1o. Posteriormente, realizar\u00e1 una visita de Estado a China entre el 6 y 7 de enero; el d\u00eda 8 participar\u00e1 en una reuni\u00f3n entre la Celac y esa naci\u00f3n asi\u00e1tica, y regresar\u00e1 al pa\u00eds el 10 de enero.<\/p>\n","protected":false},"excerpt":{"rendered":"<p>Quito, 23 dic (Andes).- El presidente ecuatoriano, Rafael Correa, resalt\u00f3 la voluntad de los gobiernos de Cuba y de Estados<\/p>\n","protected":false},"author":1,"featured_media":0,"comment_status":"open","ping_status":"open","sticky":false,"template":"","format":"standard","meta":{"footnotes":""},"categories":[3],"tags":[],"_links":{"self":[{"href":"https:\/\/www.ecuadoraldia.com.ec\/index.php?rest_route=\/wp\/v2\/posts\/6720"}],"collection":[{"href":"https:\/\/www.ecuadoraldia.com.ec\/index.php?rest_route=\/wp\/v2\/posts"}],"about":[{"href":"https:\/\/www.ecuadoraldia.com.ec\/index.php?rest_route=\/wp\/v2\/types\/post"}],"author":[{"embeddable":true,"href":"https:\/\/www.ecuadoraldia.com.ec\/index.php?rest_route=\/wp\/v2\/users\/1"}],"replies":[{"embeddable":true,"href":"https:\/\/www.ecuadoraldia.com.ec\/index.php?rest_route=%2Fwp%2Fv2%2Fcomments&post=6720"}],"version-history":[{"count":1,"href":"https:\/\/www.ecuadoraldia.com.ec\/index.php?rest_route=\/wp\/v2\/posts\/6720\/revisions"}],"predecessor-version":[{"id":6722,"href":"https:\/\/www.ecuadoraldia.com.ec\/index.php?rest_route=\/wp\/v2\/posts\/6720\/revisions\/6722"}],"wp:attachment":[{"href":"https:\/\/www.ecuadoraldia.com.ec\/index.php?rest_route=%2Fwp%2Fv2%2Fmedia&parent=6720"}],"wp:term":[{"taxonomy":"category","embeddable":true,"href":"https:\/\/www.ecuadoraldia.com.ec\/index.php?rest_route=%2Fwp%2Fv2%2Fcategories&post=6720"},{"taxonomy":"post_tag","embeddable":true,"href":"https:\/\/www.ecuadoraldia.com.ec\/index.php?rest_route=%2Fwp%2Fv2%2Ftags&post=6720"}],"curies":[{"name":"wp","href":"https:\/\/api.w.org\/{rel}","templated":true}]}}