{"id":6723,"date":"2014-12-23T12:27:53","date_gmt":"2014-12-23T12:27:53","guid":{"rendered":"http:\/\/www.ecuadoraldia.com.ec\/?p=6723"},"modified":"2014-12-23T12:28:50","modified_gmt":"2014-12-23T12:28:50","slug":"television-comunitaria-de-la-amazonia-abre-su-programacion-para-generar-conocimientos-en-la-infancia","status":"publish","type":"post","link":"https:\/\/www.ecuadoraldia.com.ec\/?p=6723","title":{"rendered":"Televisi\u00f3n comunitaria de la Amazon\u00eda abre su programaci\u00f3n para generar conocimientos en la infancia"},"content":{"rendered":"<p style=\"text-align: justify;\"><a href=\"http:\/\/www.ecuadoraldia.com.ec\/wp-content\/uploads\/2014\/12\/lanzamiento_veoveo_2.jpg\"><img loading=\"lazy\" decoding=\"async\" class=\"alignleft size-medium wp-image-6724\" src=\"http:\/\/www.ecuadoraldia.com.ec\/wp-content\/uploads\/2014\/12\/lanzamiento_veoveo_2-300x225.jpg\" alt=\"lanzamiento_veoveo_2\" width=\"300\" height=\"225\" srcset=\"https:\/\/www.ecuadoraldia.com.ec\/wp-content\/uploads\/2014\/12\/lanzamiento_veoveo_2-300x225.jpg 300w, https:\/\/www.ecuadoraldia.com.ec\/wp-content\/uploads\/2014\/12\/lanzamiento_veoveo_2.jpg 580w\" sizes=\"(max-width: 300px) 100vw, 300px\" \/><\/a>Quito, 21 dic (Andes).- El Ministerio de Inclusi\u00f3n Econ\u00f3mica y Social de Ecuador (MIES), junto al canal Ecuador TV, la televisi\u00f3n p\u00fablica, presentaron la primera franja a nivel nacional de televisi\u00f3n infantil para la generaci\u00f3n de conocimientos \u2018VEOVEO\u2019 en Ally Tv, canal 34, en la provincia de Napo, ubicada en la Amazon\u00eda.<\/p>\n<p style=\"text-align: justify;\">El evento se realiz\u00f3 en el centro Infantil Emblem\u00e1tico Caminitos de Luz, ubicado en el barrio Terer\u00e9 (Tena, regi\u00f3n amaz\u00f3nica del Ecuador), al cual asistieron padres de familia, representantes del MIES, de Ecuador Tv, de la Prefectura de Napo y de Ally TV.<\/p>\n<p style=\"text-align: justify;\">Las autoridades destacaron la importancia de una programaci\u00f3n, pensada en los m\u00e1s peque\u00f1os y que cristaliz\u00f3 tras un proyecto piloto iniciado en 2013.<\/p>\n<p style=\"text-align: justify;\">Ver\u00f3nica Escaleras, madre del ni\u00f1o Santiago, de 2 a\u00f1os, se\u00f1al\u00f3 que estas iniciativas son muy positivas. \u201cYa era hora de pensar en los m\u00e1s chiquitos. Qu\u00e9 ch\u00e9vere es tener esto en la provincia y que llegue a las comunidades. Estoy contenta y ayudar\u00e9 en la promoci\u00f3n de esta franja\u201d, dijo.<\/p>\n<p style=\"text-align: justify;\">Dorian Grefa, padre de Aaron, tambi\u00e9n de 2 a\u00f1os, consider\u00f3 esta propuesta como buena y dijo que \u201cayudar\u00eda a visualizar las actividades en beneficio de los ni\u00f1os. Ser\u00eda importante rescatar los valores\u201d. \u2018VEOVEO\u2019 ser\u00e1 transmitido todos los fines de semana en el canal local Ally Tv, con alcance en esa regi\u00f3n amaz\u00f3nica de Ecuador.<\/p>\n","protected":false},"excerpt":{"rendered":"<p>Quito, 21 dic (Andes).- El Ministerio de Inclusi\u00f3n Econ\u00f3mica y Social de Ecuador (MIES), junto al canal Ecuador TV, la<\/p>\n","protected":false},"author":1,"featured_media":0,"comment_status":"open","ping_status":"open","sticky":false,"template":"","format":"standard","meta":{"footnotes":""},"categories":[11],"tags":[],"_links":{"self":[{"href":"https:\/\/www.ecuadoraldia.com.ec\/index.php?rest_route=\/wp\/v2\/posts\/6723"}],"collection":[{"href":"https:\/\/www.ecuadoraldia.com.ec\/index.php?rest_route=\/wp\/v2\/posts"}],"about":[{"href":"https:\/\/www.ecuadoraldia.com.ec\/index.php?rest_route=\/wp\/v2\/types\/post"}],"author":[{"embeddable":true,"href":"https:\/\/www.ecuadoraldia.com.ec\/index.php?rest_route=\/wp\/v2\/users\/1"}],"replies":[{"embeddable":true,"href":"https:\/\/www.ecuadoraldia.com.ec\/index.php?rest_route=%2Fwp%2Fv2%2Fcomments&post=6723"}],"version-history":[{"count":1,"href":"https:\/\/www.ecuadoraldia.com.ec\/index.php?rest_route=\/wp\/v2\/posts\/6723\/revisions"}],"predecessor-version":[{"id":6725,"href":"https:\/\/www.ecuadoraldia.com.ec\/index.php?rest_route=\/wp\/v2\/posts\/6723\/revisions\/6725"}],"wp:attachment":[{"href":"https:\/\/www.ecuadoraldia.com.ec\/index.php?rest_route=%2Fwp%2Fv2%2Fmedia&parent=6723"}],"wp:term":[{"taxonomy":"category","embeddable":true,"href":"https:\/\/www.ecuadoraldia.com.ec\/index.php?rest_route=%2Fwp%2Fv2%2Fcategories&post=6723"},{"taxonomy":"post_tag","embeddable":true,"href":"https:\/\/www.ecuadoraldia.com.ec\/index.php?rest_route=%2Fwp%2Fv2%2Ftags&post=6723"}],"curies":[{"name":"wp","href":"https:\/\/api.w.org\/{rel}","templated":true}]}}