{"id":6736,"date":"2014-12-24T12:25:20","date_gmt":"2014-12-24T12:25:20","guid":{"rendered":"http:\/\/www.ecuadoraldia.com.ec\/?p=6736"},"modified":"2014-12-24T12:26:30","modified_gmt":"2014-12-24T12:26:30","slug":"antiterroristas-cubanos-liberados-por-ee-uu-aceptan-visitar-ecuador","status":"publish","type":"post","link":"https:\/\/www.ecuadoraldia.com.ec\/?p=6736","title":{"rendered":"cubanos liberados por EE.UU. aceptan visitar Ecuador"},"content":{"rendered":"<p style=\"text-align: justify;\"><a href=\"http:\/\/www.ecuadoraldia.com.ec\/wp-content\/uploads\/2014\/12\/rene-gutierrez-espia-cubano.jpg\"><img loading=\"lazy\" decoding=\"async\" class=\"alignleft size-medium wp-image-6737\" src=\"http:\/\/www.ecuadoraldia.com.ec\/wp-content\/uploads\/2014\/12\/rene-gutierrez-espia-cubano-300x199.jpg\" alt=\"rene-gutierrez-espia-cubano\" width=\"300\" height=\"199\" srcset=\"https:\/\/www.ecuadoraldia.com.ec\/wp-content\/uploads\/2014\/12\/rene-gutierrez-espia-cubano-300x199.jpg 300w, https:\/\/www.ecuadoraldia.com.ec\/wp-content\/uploads\/2014\/12\/rene-gutierrez-espia-cubano.jpg 800w\" sizes=\"(max-width: 300px) 100vw, 300px\" \/><\/a>Ren\u00e9 Gonz\u00e1lez, uno de los 5 presos cubanos liberados por EE.UU., inform\u00f3 que junto a sus 4 compa\u00f1eros han decidido aceptar la invitaci\u00f3n hecha por el presidente de la Rep\u00fablica, Rafael Correa, para que visiten el pa\u00eds.<\/p>\n<p style=\"text-align: justify;\">Jos\u00e9 Luis Quinteros, periodista de Ecuador TV quien est\u00e1 en Cuba, confirm\u00f3 -a trav\u00e9s de su cuenta en Twitter (@JL_Quinteros)- la noticia luego de entrevistar a Ren\u00e9 Gonz\u00e1lez Sehwerert.<\/p>\n<p style=\"text-align: justify;\">\u201cUn abrazo solidario y los invitamos a que vengan a Ecuador (\u2026) a conocer y a descansar con sus familias despu\u00e9s de tanto sufrimiento\u201d, dijo Correa el s\u00e1bado pasado en su Enlace Ciudadano al referirse a Ram\u00f3n Laba\u00f1ino, Antonio Guerrero y Gerardo Hern\u00e1ndez, liberados tras cumplir m\u00e1s de 16 a\u00f1os en c\u00e1rceles estadounidenses por vigilar a grupos terroristas en La Florida.<\/p>\n<p style=\"text-align: justify;\">Ren\u00e9 Gonz\u00e1lez fue el primer antiterrorista cubano liberado por EE.UU. en 2011. A\u00fan est\u00e1 por definirse la fecha en que los cubanos lleguen al pa\u00eds.<\/p>\n","protected":false},"excerpt":{"rendered":"<p>Ren\u00e9 Gonz\u00e1lez, uno de los 5 presos cubanos liberados por EE.UU., inform\u00f3 que junto a sus 4 compa\u00f1eros han decidido<\/p>\n","protected":false},"author":1,"featured_media":0,"comment_status":"open","ping_status":"open","sticky":false,"template":"","format":"standard","meta":{"footnotes":""},"categories":[7],"tags":[],"_links":{"self":[{"href":"https:\/\/www.ecuadoraldia.com.ec\/index.php?rest_route=\/wp\/v2\/posts\/6736"}],"collection":[{"href":"https:\/\/www.ecuadoraldia.com.ec\/index.php?rest_route=\/wp\/v2\/posts"}],"about":[{"href":"https:\/\/www.ecuadoraldia.com.ec\/index.php?rest_route=\/wp\/v2\/types\/post"}],"author":[{"embeddable":true,"href":"https:\/\/www.ecuadoraldia.com.ec\/index.php?rest_route=\/wp\/v2\/users\/1"}],"replies":[{"embeddable":true,"href":"https:\/\/www.ecuadoraldia.com.ec\/index.php?rest_route=%2Fwp%2Fv2%2Fcomments&post=6736"}],"version-history":[{"count":3,"href":"https:\/\/www.ecuadoraldia.com.ec\/index.php?rest_route=\/wp\/v2\/posts\/6736\/revisions"}],"predecessor-version":[{"id":6740,"href":"https:\/\/www.ecuadoraldia.com.ec\/index.php?rest_route=\/wp\/v2\/posts\/6736\/revisions\/6740"}],"wp:attachment":[{"href":"https:\/\/www.ecuadoraldia.com.ec\/index.php?rest_route=%2Fwp%2Fv2%2Fmedia&parent=6736"}],"wp:term":[{"taxonomy":"category","embeddable":true,"href":"https:\/\/www.ecuadoraldia.com.ec\/index.php?rest_route=%2Fwp%2Fv2%2Fcategories&post=6736"},{"taxonomy":"post_tag","embeddable":true,"href":"https:\/\/www.ecuadoraldia.com.ec\/index.php?rest_route=%2Fwp%2Fv2%2Ftags&post=6736"}],"curies":[{"name":"wp","href":"https:\/\/api.w.org\/{rel}","templated":true}]}}