{"id":6741,"date":"2014-12-24T12:30:27","date_gmt":"2014-12-24T12:30:27","guid":{"rendered":"http:\/\/www.ecuadoraldia.com.ec\/?p=6741"},"modified":"2014-12-24T12:30:27","modified_gmt":"2014-12-24T12:30:27","slug":"la-alianza-indigena-surge-como-alternativa-a-los-caciques","status":"publish","type":"post","link":"https:\/\/www.ecuadoraldia.com.ec\/?p=6741","title":{"rendered":"La Alianza Ind\u00edgena surge como alternativa a los \u201ccaciques\u201d"},"content":{"rendered":"<p style=\"text-align: justify;\"><a href=\"http:\/\/www.ecuadoraldia.com.ec\/wp-content\/uploads\/2014\/12\/INDIGENAS-2.jpg\"><img loading=\"lazy\" decoding=\"async\" class=\"alignleft size-medium wp-image-6742\" src=\"http:\/\/www.ecuadoraldia.com.ec\/wp-content\/uploads\/2014\/12\/INDIGENAS-2-300x199.jpg\" alt=\"231214_SAD_ACT_ALIANZA_INDIGENA_POR_LA_REVOLUCION_EDI-15.jpg\" width=\"300\" height=\"199\" srcset=\"https:\/\/www.ecuadoraldia.com.ec\/wp-content\/uploads\/2014\/12\/INDIGENAS-2-300x199.jpg 300w, https:\/\/www.ecuadoraldia.com.ec\/wp-content\/uploads\/2014\/12\/INDIGENAS-2.jpg 800w\" sizes=\"(max-width: 300px) 100vw, 300px\" \/><\/a>L\u00edderes ind\u00edgenas de varias provincias y de organizaciones como la Fenocin, miembros del Consejo de Desarrollo de las Nacionalidades y Pueblos del Ecuador (Codenpe) y la secretaria ejecutiva de Alianza PAIS (AP), Doris Soliz, se reunieron ayer en Quito para analizar por qu\u00e9 la Conaie y el movimiento ind\u00edgena han perdido el membrete hist\u00f3rico de lucha y por qu\u00e9 no se sienten representados por sus dirigentes.<\/p>\n<p style=\"text-align: justify;\">La reuni\u00f3n fue desde las 08:30 hasta las 10:55 de ayer, en la sede de Alianza PAIS, ubicada en el norte de Quito. Uno por uno, los l\u00edderes ind\u00edgenas expusieron sus inquietudes. Al final decidieron crear la Alianza Ind\u00edgena para la Revoluci\u00f3n, que se constituir\u00e1 en un espacio de di\u00e1logo y trabajo conjunto. El acuerdo lo plasmaron en un documento avalado por todos (ver recuadro).<\/p>\n<p style=\"text-align: justify;\">Dicho espacio, seg\u00fan indic\u00f3 el l\u00edder ind\u00edgena y parlamentario andino, Pedro de la Cruz, marcar\u00e1 el nuevo momento desde una visi\u00f3n incluyente, con la participaci\u00f3n de ind\u00edgenas de comunas, juntas parroquiales, cantonales y provinciales, que no han sido tomados en cuenta por la Confederaci\u00f3n de Nacionalidades Ind\u00edgenas (Conaie).<\/p>\n<p style=\"text-align: justify;\">El objetivo ser\u00e1 construir la agenda de abajo hacia arriba, para mejorar y alimentar desde adentro el movimiento ind\u00edgena. \u201cNos organizamos frente a la mala c\u00fapula que est\u00e1 enquistada en la Conaie y en la dirigencia de provincias como Cotopaxi, con gente como Lourdes Tib\u00e1n\u201d, manifest\u00f3.<\/p>\n<p style=\"text-align: justify;\">Con ello coincidi\u00f3 Alfonso Tulpa, presidente de la junta parroquial de Zumbahua (Cotopaxi). Indic\u00f3 que antes ning\u00fan ind\u00edgena pod\u00eda levantar otra bandera pol\u00edtica que no fuera la de Pachakutik, y que quien se atrev\u00eda a hacerlo era declarado traidor al movimiento ind\u00edgena y acusado por C\u00e9sar Umaginga de no ser ind\u00edgena.<\/p>\n<p style=\"text-align: justify;\">Cansados de esos \u201ccaciques\u201d y de los \u201cenga\u00f1os\u201d y \u201cmanipulaci\u00f3n\u201d a los ind\u00edgenas para movilizarlos contra el Gobierno, decidieron autoconvocarse a la reuni\u00f3n de ayer.<\/p>\n<p style=\"text-align: justify;\">\u201cEl trabajo en las comunidades debe ser urgente y t\u00e9cnico, a trav\u00e9s de mesas de di\u00e1logo\u201d, puntualiz\u00f3 Tulpa.<\/p>\n<p style=\"text-align: justify;\">Soliz tom\u00f3 apunte de cada una de las sugerencias y en nombre de AP dijo: \u201cHay la voluntad pol\u00edtica para desatar las trabas y atender las inquietudes de los ind\u00edgenas\u201d.<\/p>\n<p style=\"text-align: justify;\">La lideresa ind\u00edgena de Cayambe (Pichincha), Teresa Ulcuango, felicit\u00f3 la apertura de AP y del Gobierno para dar la importancia que merecen a las bases de los pueblos y nacionalidades ind\u00edgenas del pa\u00eds.<\/p>\n<p style=\"text-align: justify;\">Ulcuango, Germ\u00e1n Flores, De la Cruz y otros l\u00edderes ind\u00edgenas se\u00f1alaron que ya era hora de poner un alto a la mala dirigencia y trabajar por la relaci\u00f3n Estado-ind\u00edgenas. Para ello elaborar\u00e1n una agenda con propuestas que den viabilidad, por ejemplo, a lo que se\u00f1ala la Constituci\u00f3n sobre la plurinacionalidad e interculturalidad, que abarca derechos de los ind\u00edgenas que antes no constaban. Al final declararon en \u201cmovilizaci\u00f3n permanente\u201d a la mesa de di\u00e1logo y acordaron convocar a una reuni\u00f3n para el 7 de enero, cuando se fijar\u00e1 la fecha y el lugar de la convenci\u00f3n nacional de la Alianza. (Tel\u00e9grafo)<\/p>\n","protected":false},"excerpt":{"rendered":"<p>L\u00edderes ind\u00edgenas de varias provincias y de organizaciones como la Fenocin, miembros del Consejo de Desarrollo de las Nacionalidades y<\/p>\n","protected":false},"author":1,"featured_media":0,"comment_status":"open","ping_status":"open","sticky":false,"template":"","format":"standard","meta":{"footnotes":""},"categories":[1],"tags":[],"_links":{"self":[{"href":"https:\/\/www.ecuadoraldia.com.ec\/index.php?rest_route=\/wp\/v2\/posts\/6741"}],"collection":[{"href":"https:\/\/www.ecuadoraldia.com.ec\/index.php?rest_route=\/wp\/v2\/posts"}],"about":[{"href":"https:\/\/www.ecuadoraldia.com.ec\/index.php?rest_route=\/wp\/v2\/types\/post"}],"author":[{"embeddable":true,"href":"https:\/\/www.ecuadoraldia.com.ec\/index.php?rest_route=\/wp\/v2\/users\/1"}],"replies":[{"embeddable":true,"href":"https:\/\/www.ecuadoraldia.com.ec\/index.php?rest_route=%2Fwp%2Fv2%2Fcomments&post=6741"}],"version-history":[{"count":1,"href":"https:\/\/www.ecuadoraldia.com.ec\/index.php?rest_route=\/wp\/v2\/posts\/6741\/revisions"}],"predecessor-version":[{"id":6743,"href":"https:\/\/www.ecuadoraldia.com.ec\/index.php?rest_route=\/wp\/v2\/posts\/6741\/revisions\/6743"}],"wp:attachment":[{"href":"https:\/\/www.ecuadoraldia.com.ec\/index.php?rest_route=%2Fwp%2Fv2%2Fmedia&parent=6741"}],"wp:term":[{"taxonomy":"category","embeddable":true,"href":"https:\/\/www.ecuadoraldia.com.ec\/index.php?rest_route=%2Fwp%2Fv2%2Fcategories&post=6741"},{"taxonomy":"post_tag","embeddable":true,"href":"https:\/\/www.ecuadoraldia.com.ec\/index.php?rest_route=%2Fwp%2Fv2%2Ftags&post=6741"}],"curies":[{"name":"wp","href":"https:\/\/api.w.org\/{rel}","templated":true}]}}