{"id":6747,"date":"2014-12-25T15:42:54","date_gmt":"2014-12-25T15:42:54","guid":{"rendered":"http:\/\/www.ecuadoraldia.com.ec\/?p=6747"},"modified":"2014-12-25T15:42:54","modified_gmt":"2014-12-25T15:42:54","slug":"propuesta-sobre-impuestos-prediales-se-aprobo-con-voto-dirimente-del-alcalde-rodas","status":"publish","type":"post","link":"https:\/\/www.ecuadoraldia.com.ec\/?p=6747","title":{"rendered":"Propuesta sobre impuestos prediales se aprob\u00f3 con voto dirimente del alcalde Rodas"},"content":{"rendered":"<p style=\"text-align: justify;\"><a href=\"http:\/\/www.ecuadoraldia.com.ec\/wp-content\/uploads\/2014\/12\/concejo-rodas.jpg\"><img loading=\"lazy\" decoding=\"async\" class=\"alignleft size-medium wp-image-6748\" src=\"http:\/\/www.ecuadoraldia.com.ec\/wp-content\/uploads\/2014\/12\/concejo-rodas-300x199.jpg\" alt=\"concejo rodas\" width=\"300\" height=\"199\" srcset=\"https:\/\/www.ecuadoraldia.com.ec\/wp-content\/uploads\/2014\/12\/concejo-rodas-300x199.jpg 300w, https:\/\/www.ecuadoraldia.com.ec\/wp-content\/uploads\/2014\/12\/concejo-rodas.jpg 450w\" sizes=\"(max-width: 300px) 100vw, 300px\" \/><\/a>Los sufragios en blanco corresponden a los concejales de la bancada de Alianza PAIS, quienes expresaron que as\u00ed viabilizan la propuesta, pero mantienen duda en cuanto a su legalidad. El bloque logr\u00f3, sin embargo, que la reducci\u00f3n del impuesto se aplique solo a predios de hasta $230 mil.<\/p>\n<p style=\"text-align: justify;\">El alcalde Mauricio Rodas expres\u00f3 que 410 mil familias quite\u00f1as \u00absentir\u00e1n un alivio para sus bolsillos\u00bb. A\u00f1adi\u00f3 que la propuesta corrige distorsiones, pues \u00abquienes tienen menos, pagan menos y, aquellos que tienen mejor situaci\u00f3n econ\u00f3mica, pagar\u00e1n lo justo\u00bb, escribi\u00f3 en su cuenta en Twitter.<\/p>\n<p style=\"text-align: justify;\">Tambi\u00e9n resalt\u00f3 que no afecta las finanzas municipales. \u00abLas distorsiones que se corregir\u00e1n con la propuesta de equidad tributaria aumentar\u00e1n recaudaci\u00f3n de prediales, de 54 a 63 millones para 2015\u00bb, prometi\u00f3.<\/p>\n<p style=\"text-align: justify;\">Esta ma\u00f1ana los representantes del Cabildo analizaban los informes de mayor\u00eda y minor\u00eda, de los concejales de la bancada SUMA-VIVE (af\u00edn al Municipio) y de los concejales de Alianza PAIS, respectivamente.<\/p>\n<p style=\"text-align: justify;\">La sesi\u00f3n inici\u00f3 con un informe de Rodas acerca del viaje que realiz\u00f3 a Par\u00eds con el objetivo de conocer c\u00f3mo funciona el Metro de esa ciudad.<\/p>\n<p style=\"text-align: justify;\">Carlos P\u00e1ez, coordinador de la bancada de PAIS, pidi\u00f3 que en la pr\u00f3xima sesi\u00f3n se informe sobre la capacidad de endeudamiento del Municipio. Esto, a prop\u00f3sito del anuncio de que la Agencia Francesa de Desarrollo pondr\u00eda hasta $ 200 millones para el sistema de metrocables que aspira Rodas que se construya hasta 2015 en algunas zonas altas de la ciudad.<\/p>\n<p style=\"text-align: justify;\">El concejal Mario Guayasamin pidi\u00f3 al burgomaestre que en la sesi\u00f3n se analice el exabrupto del procurador R\u00f3mulo Garc\u00eda, quien tuvo una discusi\u00f3n con ciertos concejales de AP la semana pasada. Sin embargo, Rodas dijo que los temas deben ce\u00f1irse al orden del d\u00eda, por lo que no dio paso al pedido.<\/p>\n<p style=\"text-align: justify;\">La semana pasada, este Diario conoci\u00f3 que varios funcionarios municipales habr\u00edan presentado su renuncia al cargo. Sin embargo, este t\u00f3pico tampoco se analiz\u00f3 en esta sesi\u00f3n.<\/p>\n<p style=\"text-align: justify;\">En el informe para segundo debate se hab\u00eda bajado el beneficio de disminuci\u00f3n de pago de impuestos prediales para bienes de hasta $300 mil, antes la disposici\u00f3n se aplicaba desde bienes de hasta $ 400 mil.(Tel{egrafo)<\/p>\n","protected":false},"excerpt":{"rendered":"<p>Los sufragios en blanco corresponden a los concejales de la bancada de Alianza PAIS, quienes expresaron que as\u00ed viabilizan la<\/p>\n","protected":false},"author":1,"featured_media":0,"comment_status":"open","ping_status":"open","sticky":false,"template":"","format":"standard","meta":{"footnotes":""},"categories":[14,1],"tags":[],"_links":{"self":[{"href":"https:\/\/www.ecuadoraldia.com.ec\/index.php?rest_route=\/wp\/v2\/posts\/6747"}],"collection":[{"href":"https:\/\/www.ecuadoraldia.com.ec\/index.php?rest_route=\/wp\/v2\/posts"}],"about":[{"href":"https:\/\/www.ecuadoraldia.com.ec\/index.php?rest_route=\/wp\/v2\/types\/post"}],"author":[{"embeddable":true,"href":"https:\/\/www.ecuadoraldia.com.ec\/index.php?rest_route=\/wp\/v2\/users\/1"}],"replies":[{"embeddable":true,"href":"https:\/\/www.ecuadoraldia.com.ec\/index.php?rest_route=%2Fwp%2Fv2%2Fcomments&post=6747"}],"version-history":[{"count":1,"href":"https:\/\/www.ecuadoraldia.com.ec\/index.php?rest_route=\/wp\/v2\/posts\/6747\/revisions"}],"predecessor-version":[{"id":6749,"href":"https:\/\/www.ecuadoraldia.com.ec\/index.php?rest_route=\/wp\/v2\/posts\/6747\/revisions\/6749"}],"wp:attachment":[{"href":"https:\/\/www.ecuadoraldia.com.ec\/index.php?rest_route=%2Fwp%2Fv2%2Fmedia&parent=6747"}],"wp:term":[{"taxonomy":"category","embeddable":true,"href":"https:\/\/www.ecuadoraldia.com.ec\/index.php?rest_route=%2Fwp%2Fv2%2Fcategories&post=6747"},{"taxonomy":"post_tag","embeddable":true,"href":"https:\/\/www.ecuadoraldia.com.ec\/index.php?rest_route=%2Fwp%2Fv2%2Ftags&post=6747"}],"curies":[{"name":"wp","href":"https:\/\/api.w.org\/{rel}","templated":true}]}}