{"id":6750,"date":"2014-12-25T15:45:25","date_gmt":"2014-12-25T15:45:25","guid":{"rendered":"http:\/\/www.ecuadoraldia.com.ec\/?p=6750"},"modified":"2014-12-25T15:45:25","modified_gmt":"2014-12-25T15:45:25","slug":"francisco-celebra-la-navidad-en-un-contexto-de-guerras-y-fundamentalismo-religioso","status":"publish","type":"post","link":"https:\/\/www.ecuadoraldia.com.ec\/?p=6750","title":{"rendered":"Francisco celebra la Navidad en un contexto de guerras y fundamentalismo religioso"},"content":{"rendered":"<figure id=\"attachment_6752\" aria-describedby=\"caption-attachment-6752\" style=\"width: 300px\" class=\"wp-caption alignleft\"><a href=\"http:\/\/www.ecuadoraldia.com.ec\/wp-content\/uploads\/2014\/12\/paf.jpg\"><img loading=\"lazy\" decoding=\"async\" class=\"size-medium wp-image-6752\" src=\"http:\/\/www.ecuadoraldia.com.ec\/wp-content\/uploads\/2014\/12\/paf-300x188.jpg\" alt=\"El papa Francisco conmemor\u00f3 el nacimiento de Jes\u00fas, enviando a los 1.200 millones de cat\u00f3licos su bendici\u00f3n &quot;urbi et orbi&quot;. FOTO: AFP\" width=\"300\" height=\"188\" srcset=\"https:\/\/www.ecuadoraldia.com.ec\/wp-content\/uploads\/2014\/12\/paf-300x188.jpg 300w, https:\/\/www.ecuadoraldia.com.ec\/wp-content\/uploads\/2014\/12\/paf.jpg 450w\" sizes=\"(max-width: 300px) 100vw, 300px\" \/><\/a><figcaption id=\"caption-attachment-6752\" class=\"wp-caption-text\">El papa Francisco conmemor\u00f3 el nacimiento de Jes\u00fas, enviando a los 1.200 millones de cat\u00f3licos su bendici\u00f3n \u00aburbi et orbi\u00bb. FOTO: AFP<\/figcaption><\/figure>\n<p style=\"text-align: justify;\">El papa Francisco conmemor\u00f3 el nacimiento de Jes\u00fas, enviando a los 1.200 millones de cat\u00f3licos su bendici\u00f3n<\/p>\n<p style=\"text-align: justify;\">El papa Francisco conmemor\u00f3 el nacimiento de Jes\u00fas, enviando a los 1.200 millones de cat\u00f3licos su bendici\u00f3n \u00aburbi et orbi\u00bb. FOTO: AFP<br \/>\nEl papa Francisco celebra este jueves la fiesta de Navidad, que conmemora el nacimiento de Jes\u00fas, enviando a los 1.200 millones de cat\u00f3licos su bendici\u00f3n \u00aburbi et orbi\u00bb en un contexto de guerras y de fundamentalismo religioso.<\/p>\n<p style=\"text-align: justify;\">El pont\u00edfice argentino, a sus 78 a\u00f1os reci\u00e9n cumplidos, pasa as\u00ed su segunda Navidad al frente de la Santa Sede con una fuerte popularidad en el mundo entero, incluso entre algunos ateos y miembros de otras religiones.<\/p>\n<p style=\"text-align: justify;\">Con motivo de esta festividad, la segunda m\u00e1s importante del calendario cristiano despu\u00e9s de Pascua, el jefe de la iglesia cat\u00f3lica se dirige \u00aba la ciudad y al mundo\u00bb y hace llamados a remediar situaciones de guerra e injusticias, que son retransmitidos por las televisiones alrededor del mundo.<\/p>\n<p style=\"text-align: justify;\">El drama de los cristianos y de otras minor\u00edas religiosas perseguidas en Oriente Medio, especialmente por el grupo Estado Isl\u00e1mico (EI), la guerra en Siria o el conflicto entre israel\u00edes y palestinos estar\u00e1n seguramente entre los asuntos mencionados por Francisco.<\/p>\n<p style=\"text-align: justify;\">Sobre \u00c1frica, el santo padre podr\u00eda hacer referencia a la violencia fundamentalista, que no para de extenderse de Nigeria al Sahel, a los otros conflictos a menudo olvidados y a los miles de muertos por el virus del \u00c9bola.<br \/>\nE, incluso, podr\u00eda pedir a los diferentes bandos del conflicto en Ucrania poner fin a la violencia.<\/p>\n<p style=\"text-align: justify;\">Entre los temas probables, el drama de los inmigrantes que huyen de la miseria, la acogida de los extranjeros en los pa\u00edses desarrollados, el tr\u00e1fico de personas o incluso los desastres naturales. Francisco debe publicar el pr\u00f3ximo a\u00f1o una esperada enc\u00edclica sobre la ecolog\u00eda y la preservaci\u00f3n de la \u00abcreaci\u00f3n\u00bb.<\/p>\n<p style=\"text-align: justify;\">Estos llamamientos pronunciados en italiano son generalmente breves y sin improvisar. El papa, deseoso de ser m\u00e1s conciso, puso fin a la tradici\u00f3n de leer en m\u00e1s de cien lenguas \u00abfeliz Navidad\u00bb.<\/p>\n<p style=\"text-align: justify;\">El mundo necesita \u00abternura\u00bb<\/p>\n<p style=\"text-align: justify;\">En la tradicional misa de Gallo, Francisco inst\u00f3 a los cat\u00f3licos a responder con \u00abternura\u00bb antes las dificultades del mundo. \u00ab\u00a1Cu\u00e1nta necesidad de ternura tiene el mundo de hoy!\u00bb, clam\u00f3 ante los miles de peregrinos y centenar de concelebrantes que asist\u00edan a la ceremonia.<\/p>\n<p style=\"text-align: justify;\">\u00ab\u00bfTenemos el coraje de acoger con ternura las situaciones dif\u00edciles y los problemas de quien est\u00e1 a nuestro lado, o bien preferimos soluciones impersonales, quiz\u00e1s eficaces pero sin el calor del Evangelio?\u00bb, interrog\u00f3 el papa durante la solemne homil\u00eda celebrada el mi\u00e9rcoles por la noche en la bas\u00edlica de San Pedro.<\/p>\n<p style=\"text-align: justify;\">En Oriente Medio, la fiesta de Navidad estuvo marcada por la guerra y el \u00e9xodo de los cristianos. En la ciudad palestina de Bel\u00e9n, donde seg\u00fan la tradici\u00f3n naci\u00f3 Jesucristo, el clima de tensi\u00f3n ahuyent\u00f3 a los peregrinos extranjeros.<\/p>\n<p style=\"text-align: justify;\">Esta Navidad es especialmente dif\u00edcil para los 150.000 cristianos iraqu\u00edes desplazados, quienes \u00abviven una tr\u00e1gica situaci\u00f3n\u00bb, declar\u00f3 a la AFP en Bagdad el patriarca caldeo Luis Rafael I Sako.<\/p>\n<p style=\"text-align: justify;\">En una larga carta dirigida a los cristianos de Oriente, Francisco les hab\u00eda exhortado el martes a la \u00abperseverancia\u00bb pese a las dificultades, y un d\u00eda despu\u00e9s llam\u00f3 personalmente a algunos de los cristianos refugiados cerca de Erbil, en el Kurdist\u00e1n iraqu\u00ed.<\/p>\n<p style=\"text-align: justify;\">El pont\u00edfice envi\u00f3 tambi\u00e9n un mensaje a los surcoreanos para recordar su pr\u00f3ximo viaje en agosto a este pa\u00eds.<\/p>\n<p style=\"text-align: justify;\">En Cuba, las celebraciones de Navidad, durante mucho tiempo prohibidas por el r\u00e9gimen, se celebran este a\u00f1o en un clima animado por una regalo anticipado: el acercamiento con Estados Unidos.AFP<\/p>\n<p>&nbsp;<\/p>\n","protected":false},"excerpt":{"rendered":"<p>El papa Francisco conmemor\u00f3 el nacimiento de Jes\u00fas, enviando a los 1.200 millones de cat\u00f3licos su bendici\u00f3n El papa Francisco<\/p>\n","protected":false},"author":1,"featured_media":0,"comment_status":"open","ping_status":"open","sticky":false,"template":"","format":"standard","meta":{"footnotes":""},"categories":[7],"tags":[],"_links":{"self":[{"href":"https:\/\/www.ecuadoraldia.com.ec\/index.php?rest_route=\/wp\/v2\/posts\/6750"}],"collection":[{"href":"https:\/\/www.ecuadoraldia.com.ec\/index.php?rest_route=\/wp\/v2\/posts"}],"about":[{"href":"https:\/\/www.ecuadoraldia.com.ec\/index.php?rest_route=\/wp\/v2\/types\/post"}],"author":[{"embeddable":true,"href":"https:\/\/www.ecuadoraldia.com.ec\/index.php?rest_route=\/wp\/v2\/users\/1"}],"replies":[{"embeddable":true,"href":"https:\/\/www.ecuadoraldia.com.ec\/index.php?rest_route=%2Fwp%2Fv2%2Fcomments&post=6750"}],"version-history":[{"count":1,"href":"https:\/\/www.ecuadoraldia.com.ec\/index.php?rest_route=\/wp\/v2\/posts\/6750\/revisions"}],"predecessor-version":[{"id":6753,"href":"https:\/\/www.ecuadoraldia.com.ec\/index.php?rest_route=\/wp\/v2\/posts\/6750\/revisions\/6753"}],"wp:attachment":[{"href":"https:\/\/www.ecuadoraldia.com.ec\/index.php?rest_route=%2Fwp%2Fv2%2Fmedia&parent=6750"}],"wp:term":[{"taxonomy":"category","embeddable":true,"href":"https:\/\/www.ecuadoraldia.com.ec\/index.php?rest_route=%2Fwp%2Fv2%2Fcategories&post=6750"},{"taxonomy":"post_tag","embeddable":true,"href":"https:\/\/www.ecuadoraldia.com.ec\/index.php?rest_route=%2Fwp%2Fv2%2Ftags&post=6750"}],"curies":[{"name":"wp","href":"https:\/\/api.w.org\/{rel}","templated":true}]}}