{"id":6757,"date":"2014-12-25T16:37:59","date_gmt":"2014-12-25T16:37:59","guid":{"rendered":"http:\/\/www.ecuadoraldia.com.ec\/?p=6757"},"modified":"2014-12-25T16:37:59","modified_gmt":"2014-12-25T16:37:59","slug":"mueren-siete-personas-en-colombia-al-estrellarse-avioneta-en-que-viajaban","status":"publish","type":"post","link":"https:\/\/www.ecuadoraldia.com.ec\/?p=6757","title":{"rendered":"Mueren siete personas en Colombia al estrellarse avioneta en que viajaban"},"content":{"rendered":"<p style=\"text-align: justify;\"><a href=\"http:\/\/www.ecuadoraldia.com.ec\/wp-content\/uploads\/2014\/12\/avioneta.jpg\"><img loading=\"lazy\" decoding=\"async\" class=\"alignleft size-medium wp-image-6758\" src=\"http:\/\/www.ecuadoraldia.com.ec\/wp-content\/uploads\/2014\/12\/avioneta-300x199.jpg\" alt=\"avioneta\" width=\"300\" height=\"199\" srcset=\"https:\/\/www.ecuadoraldia.com.ec\/wp-content\/uploads\/2014\/12\/avioneta-300x199.jpg 300w, https:\/\/www.ecuadoraldia.com.ec\/wp-content\/uploads\/2014\/12\/avioneta.jpg 400w\" sizes=\"(max-width: 300px) 100vw, 300px\" \/><\/a>Siete personas murieron en la tarde del mi\u00e9rcoles en el noreste de Colombia al estrellarse la avioneta comercial en que viajaban, informaron este jueves las autoridades, en medio de labores para rescatar sus cuerpos.<br \/>\nLa aeronave, inicialmente reportada como desaparecida en la noche del mi\u00e9rcoles por la Aeron\u00e1utica Civil, fue avistada \u201cpor organismos de b\u00fasqueda y rescate (\u2026) sin sobrevivientes\u201d, inform\u00f3 este organismo en un comunicado.<br \/>\nEl vuelo cubr\u00eda una distancia de escasos 60 kil\u00f3metros en l\u00ednea recta entre la capital del departamento colombiano de Santander, Bucaramanga, y la ciudad de M\u00e1laga, en esa misma regi\u00f3n, cuando debido a un desperfecto mec\u00e1nico cay\u00f3 a tierra alrededor de las 15H00 locales del mi\u00e9rcoles (20H00 GMT).<br \/>\nSe trataba de un Cessna 207 con matr\u00edcula HK-4892, de la empresa Alas de Colombia, en el que viajaban el piloto y seis pasajeros.<br \/>\nEl sitio exacto donde cay\u00f3 la aeronave fue el municipio de Piedecuestas, m\u00e1s cercano a Bucaramanga, en un terreno escarpado, de dif\u00edcil acceso, seg\u00fan indic\u00f3 a la emisora Caracol Radio la oficial de bomberos de esa localidad, Nelly Garc\u00eda.<br \/>\n\u201cLa b\u00fasqueda se hizo durante la noche (\u2026) y se est\u00e1 en este momento trabajando en el rescate, que hay que hacerlo sobre el \u00e1rea con colaboraci\u00f3n de un helic\u00f3ptero\u201d por las dif\u00edciles condiciones geogr\u00e1ficas de la zona, explic\u00f3 Garc\u00eda.<\/p>\n<p>AFP<\/p>\n","protected":false},"excerpt":{"rendered":"<p>Siete personas murieron en la tarde del mi\u00e9rcoles en el noreste de Colombia al estrellarse la avioneta comercial en que<\/p>\n","protected":false},"author":1,"featured_media":0,"comment_status":"open","ping_status":"open","sticky":false,"template":"","format":"standard","meta":{"footnotes":""},"categories":[1],"tags":[],"_links":{"self":[{"href":"https:\/\/www.ecuadoraldia.com.ec\/index.php?rest_route=\/wp\/v2\/posts\/6757"}],"collection":[{"href":"https:\/\/www.ecuadoraldia.com.ec\/index.php?rest_route=\/wp\/v2\/posts"}],"about":[{"href":"https:\/\/www.ecuadoraldia.com.ec\/index.php?rest_route=\/wp\/v2\/types\/post"}],"author":[{"embeddable":true,"href":"https:\/\/www.ecuadoraldia.com.ec\/index.php?rest_route=\/wp\/v2\/users\/1"}],"replies":[{"embeddable":true,"href":"https:\/\/www.ecuadoraldia.com.ec\/index.php?rest_route=%2Fwp%2Fv2%2Fcomments&post=6757"}],"version-history":[{"count":1,"href":"https:\/\/www.ecuadoraldia.com.ec\/index.php?rest_route=\/wp\/v2\/posts\/6757\/revisions"}],"predecessor-version":[{"id":6759,"href":"https:\/\/www.ecuadoraldia.com.ec\/index.php?rest_route=\/wp\/v2\/posts\/6757\/revisions\/6759"}],"wp:attachment":[{"href":"https:\/\/www.ecuadoraldia.com.ec\/index.php?rest_route=%2Fwp%2Fv2%2Fmedia&parent=6757"}],"wp:term":[{"taxonomy":"category","embeddable":true,"href":"https:\/\/www.ecuadoraldia.com.ec\/index.php?rest_route=%2Fwp%2Fv2%2Fcategories&post=6757"},{"taxonomy":"post_tag","embeddable":true,"href":"https:\/\/www.ecuadoraldia.com.ec\/index.php?rest_route=%2Fwp%2Fv2%2Ftags&post=6757"}],"curies":[{"name":"wp","href":"https:\/\/api.w.org\/{rel}","templated":true}]}}