{"id":6760,"date":"2014-12-25T16:48:28","date_gmt":"2014-12-25T16:48:28","guid":{"rendered":"http:\/\/www.ecuadoraldia.com.ec\/?p=6760"},"modified":"2014-12-25T16:48:28","modified_gmt":"2014-12-25T16:48:28","slug":"una-femen-muestra-su-pecho-desnudo-en-el-pesebre-de-plaza-san-pedro","status":"publish","type":"post","link":"https:\/\/www.ecuadoraldia.com.ec\/?p=6760","title":{"rendered":"Una &#8216;femen&#8217; muestra su pecho desnudo en el pesebre de plaza San Pedro"},"content":{"rendered":"<figure id=\"attachment_6761\" aria-describedby=\"caption-attachment-6761\" style=\"width: 300px\" class=\"wp-caption alignleft\"><a href=\"http:\/\/www.ecuadoraldia.com.ec\/wp-content\/uploads\/2014\/12\/femi.jpg\"><img loading=\"lazy\" decoding=\"async\" class=\"size-medium wp-image-6761\" src=\"http:\/\/www.ecuadoraldia.com.ec\/wp-content\/uploads\/2014\/12\/femi-300x245.jpg\" alt=\"El incidente se produjo al inicio de la tarde, bastante despu\u00e9s de la bendici\u00f3n &quot;urbi et orbi&quot; del papa Francisco. FOTO: AFP\" width=\"300\" height=\"245\" srcset=\"https:\/\/www.ecuadoraldia.com.ec\/wp-content\/uploads\/2014\/12\/femi-300x245.jpg 300w, https:\/\/www.ecuadoraldia.com.ec\/wp-content\/uploads\/2014\/12\/femi.jpg 366w\" sizes=\"(max-width: 300px) 100vw, 300px\" \/><\/a><figcaption id=\"caption-attachment-6761\" class=\"wp-caption-text\">El incidente se produjo al inicio de la tarde, bastante despu\u00e9s de la bendici\u00f3n \u00aburbi et orbi\u00bb del papa Francisco. FOTO: AFP<\/figcaption><\/figure>\n<p style=\"text-align: justify;\">Una militante del grupo de las &#8216;femen&#8217;, que protesta contra la oposici\u00f3n de la iglesia al aborto y la uni\u00f3n libre, exhibi\u00f3 el jueves, d\u00eda de Navidad, sus senos desnudos en el pesebre instalado en la Plaza San Pedro del Vaticano, seg\u00fan testigos.<\/p>\n<p style=\"text-align: justify;\">La mujer se quit\u00f3 la camiseta y mostr\u00f3 su pecho, en el que hab\u00eda escrito en negro \u00abGod is woman\u00bb (Dios es una mujer).<\/p>\n<p style=\"text-align: justify;\">Tras haber escalado las barreras met\u00e1licas, fue r\u00e1pidamente detenida por la gendarmer\u00eda vaticana.<\/p>\n<p style=\"text-align: justify;\">El incidente se produjo al inicio de la tarde, bastante despu\u00e9s de la bendici\u00f3n \u00aburbi et orbi\u00bb del papa, pero a\u00fan hab\u00eda gente en la plaza.<\/p>\n<p style=\"text-align: justify;\">El movimiento femenino &#8216;femen&#8217; naci\u00f3 en Ucrania y se opuso, exhibiendo senos desnudos, al antiguo r\u00e9gimen prorruso del pa\u00eds as\u00ed como a la iglesia ortodoxa. Se ha extendido luego a Europa, donde critica a la iglesia cat\u00f3lica a la que acusa de ser retr\u00f3grada en lo referente a los derechos de los mujeres.(AFP)<\/p>\n","protected":false},"excerpt":{"rendered":"<p>Una militante del grupo de las &#8216;femen&#8217;, que protesta contra la oposici\u00f3n de la iglesia al aborto y la uni\u00f3n<\/p>\n","protected":false},"author":1,"featured_media":0,"comment_status":"open","ping_status":"open","sticky":false,"template":"","format":"standard","meta":{"footnotes":""},"categories":[7],"tags":[],"_links":{"self":[{"href":"https:\/\/www.ecuadoraldia.com.ec\/index.php?rest_route=\/wp\/v2\/posts\/6760"}],"collection":[{"href":"https:\/\/www.ecuadoraldia.com.ec\/index.php?rest_route=\/wp\/v2\/posts"}],"about":[{"href":"https:\/\/www.ecuadoraldia.com.ec\/index.php?rest_route=\/wp\/v2\/types\/post"}],"author":[{"embeddable":true,"href":"https:\/\/www.ecuadoraldia.com.ec\/index.php?rest_route=\/wp\/v2\/users\/1"}],"replies":[{"embeddable":true,"href":"https:\/\/www.ecuadoraldia.com.ec\/index.php?rest_route=%2Fwp%2Fv2%2Fcomments&post=6760"}],"version-history":[{"count":1,"href":"https:\/\/www.ecuadoraldia.com.ec\/index.php?rest_route=\/wp\/v2\/posts\/6760\/revisions"}],"predecessor-version":[{"id":6762,"href":"https:\/\/www.ecuadoraldia.com.ec\/index.php?rest_route=\/wp\/v2\/posts\/6760\/revisions\/6762"}],"wp:attachment":[{"href":"https:\/\/www.ecuadoraldia.com.ec\/index.php?rest_route=%2Fwp%2Fv2%2Fmedia&parent=6760"}],"wp:term":[{"taxonomy":"category","embeddable":true,"href":"https:\/\/www.ecuadoraldia.com.ec\/index.php?rest_route=%2Fwp%2Fv2%2Fcategories&post=6760"},{"taxonomy":"post_tag","embeddable":true,"href":"https:\/\/www.ecuadoraldia.com.ec\/index.php?rest_route=%2Fwp%2Fv2%2Ftags&post=6760"}],"curies":[{"name":"wp","href":"https:\/\/api.w.org\/{rel}","templated":true}]}}