{"id":6772,"date":"2014-12-25T18:20:03","date_gmt":"2014-12-25T18:20:03","guid":{"rendered":"http:\/\/www.ecuadoraldia.com.ec\/?p=6772"},"modified":"2014-12-25T18:20:03","modified_gmt":"2014-12-25T18:20:03","slug":"rousseff-anuncia-cuestionados-ministros-para-satisfacer-partidos-aliados","status":"publish","type":"post","link":"https:\/\/www.ecuadoraldia.com.ec\/?p=6772","title":{"rendered":"Rousseff anuncia cuestionados ministros para satisfacer partidos aliados"},"content":{"rendered":"<p style=\"text-align: justify;\"><a href=\"http:\/\/www.ecuadoraldia.com.ec\/wp-content\/uploads\/2014\/12\/dima-rousef.jpg\"><img loading=\"lazy\" decoding=\"async\" class=\"alignleft size-medium wp-image-6773\" src=\"http:\/\/www.ecuadoraldia.com.ec\/wp-content\/uploads\/2014\/12\/dima-rousef-300x188.jpg\" alt=\"dima-rousef\" width=\"300\" height=\"188\" srcset=\"https:\/\/www.ecuadoraldia.com.ec\/wp-content\/uploads\/2014\/12\/dima-rousef-300x188.jpg 300w, https:\/\/www.ecuadoraldia.com.ec\/wp-content\/uploads\/2014\/12\/dima-rousef-1024x643.jpg 1024w, https:\/\/www.ecuadoraldia.com.ec\/wp-content\/uploads\/2014\/12\/dima-rousef.jpg 1817w\" sizes=\"(max-width: 300px) 100vw, 300px\" \/><\/a>Tras haber anunciado a comienzos de diciembre a cuatro ministros con perfil t\u00e9cnico para carteras del \u00e1rea econ\u00f3mica, la jefe de Estado, que asumir\u00e1 su nuevo mandato el 1 de enero, divulg\u00f3 el martes los nombres de otros 13 de sus 39 ministros, en su mayor\u00eda pol\u00edticos de partidos aliados.<\/p>\n<p style=\"text-align: justify;\">Los nombramientos provocaron r\u00e1pidas reacciones de diversos sectores y cr\u00edticas de la prensa ya que premian a pol\u00edticos procesados, candidatos derrotados en las elecciones de octubre y l\u00edderes identificados con la derecha y cuestionados por los movimientos sociales que hasta ahora han apoyado al Gobierno.<\/p>\n<p style=\"text-align: justify;\">La distribuci\u00f3n de cargos para acomodar a aliados en el Gabinete fue calificada por la oposici\u00f3n como una clara demostraci\u00f3n del clientelismo de un Gobierno que no se incomoda en aliarse a cualquier partido y pol\u00edtico para garantizar mayor\u00eda en el Congreso.<\/p>\n<p style=\"text-align: justify;\">La mandataria necesita una amplia base de apoyo parlamentario para afrontar importantes desaf\u00edos, como el ya anunciado ajuste fiscal para enderezar una econom\u00eda debilitada y el esc\u00e1ndalo de corrupci\u00f3n que paraliz\u00f3 la petrolera estatal Petrobras.<\/p>\n<p style=\"text-align: justify;\">Adem\u00e1s de darle los primeros ministerios a su formaci\u00f3n, el Partido de los Trabajadores (PT), y ofrecerle seis carteras al centrista Partido del Movimiento Democr\u00e1tico Brasile\u00f1o (PMDB), mayor fuerza electoral del pa\u00eds y principal aliado del Gobierno, la presidenta incluy\u00f3 en su gabinete a representantes de peque\u00f1as formaciones que apoyaron su reelecci\u00f3n en octubre pasado.<\/p>\n<p style=\"text-align: justify;\">Entre los ministros nombrados figuran pol\u00edticos del Partido Comunista do Brasil (PCdoB) y de los derechistas Partido Republicano del Orden Social (PROS), Partido Social Democr\u00e1tico (PSD) y Partido Republicano Brasile\u00f1o (PRB).<\/p>\n<p style=\"text-align: justify;\">\u201cEstamos viendo m\u00e1s de la pol\u00edtica clientelista basada en favores. La presidenta no est\u00e1 preocupada en satisfacer el inter\u00e9s p\u00fablico sino en satisfacer los intereses partidarios\u201d, afirm\u00f3 el vocero del partido opositor Dem\u00f3cratas en la C\u00e1mara Baja, Jos\u00e9 Mendon\u00e7a Filho.<\/p>\n<p style=\"text-align: justify;\">Para los voceros del Gobierno, en cambio, Rousseff tan s\u00f3lo busca mantener una base oficialista amplia y unida para garantizar la gobernabilidad.<\/p>\n<p style=\"text-align: justify;\">\u201cLa presidenta demostr\u00f3 su deseo de consolidar la base de sustento de su Gobierno en el Congreso y su responsabilidad de gobernar tanto en el Ejecutivo como en el Legislativo\u201d, afirm\u00f3 el vocero del Gobierno en la C\u00e1mara, Henrique Fontana.<\/p>\n<p style=\"text-align: justify;\">Entre los ministros anunciados el martes figuran al menos tres que enfrentan procesos en la justicia, todos del PMDB.<\/p>\n<p style=\"text-align: justify;\">Se trata de la senadora K\u00e1tia Abreu, que asumir\u00e1 el ministerio de Agricultura y est\u00e1 procesada por falsificaci\u00f3n de sello p\u00fablico; el senador Eduardo Braga, nombrado ministro de Minas y Energ\u00eda y procesado por delitos electorales, y el diputado H\u00e9lder Barbalho, futuro ministro de Pesca e investigado por mal desempe\u00f1o en la administraci\u00f3n p\u00fablica.<\/p>\n<p style=\"text-align: justify;\">Katia Abreu fue confirmada como ministra de Agricultura pese a las numerosas protestas de diferentes movimientos campesinos y de indios contra esa posibilidad.<\/p>\n<p style=\"text-align: justify;\">La nueva ministra es ganadera y presidenta de la patronal que representa a los grandes productores rurales y se ha caracterizado por su dura oposici\u00f3n a la reforma agraria y a la creaci\u00f3n de nuevas reservas ind\u00edgenas.<\/p>\n<p style=\"text-align: justify;\">El actual gobernador de Cear\u00e1, Cid Gomes, uno de los principales dirigentes del PROS, asumir\u00e1 el ministerio de Educaci\u00f3n por haber creado una nueva formaci\u00f3n de apoyo al Gobierno para debilitar en las elecciones el opositor Partido Socialista Brasile\u00f1o (PSB).<\/p>\n<p style=\"text-align: justify;\">Gomes es blanco de diversas cr\u00edticas por incluir a varios familiares en sus viajes oficiales al exterior y por la contrataci\u00f3n de costosos artistas para animar actos de la gobernaci\u00f3n de Cear\u00e1.<\/p>\n<p style=\"text-align: justify;\">Igualmente pol\u00e9mico, Gilberto Kassab, principal dirigente del PSD, fue premiado con el ministerio de las Ciudades tras haber dividido al opositor partido Dem\u00f3cratas para igualmente crear una nueva formaci\u00f3n de apoyo al Gobierno.<\/p>\n<p style=\"text-align: justify;\">Otro cuestionado entre los nuevos ministros es el diputado George Hilton, vocero del PRB en la C\u00e1mara, que asumir\u00e1 la cartera de Deportes.<\/p>\n<p style=\"text-align: justify;\">Hilton, un obispo del grupo evang\u00e9lico Iglesia Universal del Reino de Dios, fue expulsado en 2007 del entonces Partido del Frente Liberal (PFL) tras haber sido sorprendido con once cajas de cart\u00f3n repletas de dinero supuestamente donados por fieles.<\/p>\n<p style=\"text-align: justify;\">El futuro Gabinete tambi\u00e9n incluye a cinco candidatos derrotados en las elecciones de octubre, incluyendo Braga, que intent\u00f3 sin \u00e9xito ser elegido gobernador de Amazonas, y a Kassab, derrotado en su disputa por un mandato en el Senado.<\/p>\n<p style=\"text-align: justify;\">Helder Barbalho, un pol\u00edtico sin experiencia derrotado en la disputa por la gobernaci\u00f3n de Par\u00e1, integrar\u00e1 el Gabinete para atender los intereses pol\u00edticos de su padre, el diputado J\u00e1der Barbalho, un importante l\u00edder del PMDB. EFE<\/p>\n","protected":false},"excerpt":{"rendered":"<p>Tras haber anunciado a comienzos de diciembre a cuatro ministros con perfil t\u00e9cnico para carteras del \u00e1rea econ\u00f3mica, la jefe<\/p>\n","protected":false},"author":1,"featured_media":0,"comment_status":"open","ping_status":"open","sticky":false,"template":"","format":"standard","meta":{"footnotes":""},"categories":[7],"tags":[],"_links":{"self":[{"href":"https:\/\/www.ecuadoraldia.com.ec\/index.php?rest_route=\/wp\/v2\/posts\/6772"}],"collection":[{"href":"https:\/\/www.ecuadoraldia.com.ec\/index.php?rest_route=\/wp\/v2\/posts"}],"about":[{"href":"https:\/\/www.ecuadoraldia.com.ec\/index.php?rest_route=\/wp\/v2\/types\/post"}],"author":[{"embeddable":true,"href":"https:\/\/www.ecuadoraldia.com.ec\/index.php?rest_route=\/wp\/v2\/users\/1"}],"replies":[{"embeddable":true,"href":"https:\/\/www.ecuadoraldia.com.ec\/index.php?rest_route=%2Fwp%2Fv2%2Fcomments&post=6772"}],"version-history":[{"count":1,"href":"https:\/\/www.ecuadoraldia.com.ec\/index.php?rest_route=\/wp\/v2\/posts\/6772\/revisions"}],"predecessor-version":[{"id":6774,"href":"https:\/\/www.ecuadoraldia.com.ec\/index.php?rest_route=\/wp\/v2\/posts\/6772\/revisions\/6774"}],"wp:attachment":[{"href":"https:\/\/www.ecuadoraldia.com.ec\/index.php?rest_route=%2Fwp%2Fv2%2Fmedia&parent=6772"}],"wp:term":[{"taxonomy":"category","embeddable":true,"href":"https:\/\/www.ecuadoraldia.com.ec\/index.php?rest_route=%2Fwp%2Fv2%2Fcategories&post=6772"},{"taxonomy":"post_tag","embeddable":true,"href":"https:\/\/www.ecuadoraldia.com.ec\/index.php?rest_route=%2Fwp%2Fv2%2Ftags&post=6772"}],"curies":[{"name":"wp","href":"https:\/\/api.w.org\/{rel}","templated":true}]}}