{"id":6778,"date":"2014-12-25T19:26:48","date_gmt":"2014-12-25T19:26:48","guid":{"rendered":"http:\/\/www.ecuadoraldia.com.ec\/?p=6778"},"modified":"2014-12-25T19:27:26","modified_gmt":"2014-12-25T19:27:26","slug":"jackie-chan-avergonzado-por-cargos-contra-su-hijo","status":"publish","type":"post","link":"https:\/\/www.ecuadoraldia.com.ec\/?p=6778","title":{"rendered":"Jackie Chan, avergonzado por cargos contra su hijo"},"content":{"rendered":"<figure id=\"attachment_6779\" aria-describedby=\"caption-attachment-6779\" style=\"width: 300px\" class=\"wp-caption alignleft\"><a href=\"http:\/\/www.ecuadoraldia.com.ec\/wp-content\/uploads\/2014\/12\/yaki.jpg\"><img loading=\"lazy\" decoding=\"async\" class=\"size-medium wp-image-6779\" src=\"http:\/\/www.ecuadoraldia.com.ec\/wp-content\/uploads\/2014\/12\/yaki-300x224.jpg\" alt=\"Hijo \u00fanico de Jackie Chan, Jaycee aparece con frecuencia en los medios de comunicaci\u00f3n El actor tiene la esperanza de que su hijo, actor y cantante, sea un embajador antidrogas una vez liberado\" width=\"300\" height=\"224\" srcset=\"https:\/\/www.ecuadoraldia.com.ec\/wp-content\/uploads\/2014\/12\/yaki-300x224.jpg 300w, https:\/\/www.ecuadoraldia.com.ec\/wp-content\/uploads\/2014\/12\/yaki.jpg 370w\" sizes=\"(max-width: 300px) 100vw, 300px\" \/><\/a><figcaption id=\"caption-attachment-6779\" class=\"wp-caption-text\"><br \/>El actor tiene la esperanza de que su hijo, actor y cantante, sea un embajador antidrogas una vez liberado<\/figcaption><\/figure>\n<p style=\"text-align: justify;\">BEIJING, CHINA (24\/DIC\/2014).- El astro de pel\u00edculas de acci\u00f3n Jackie Chan dijo que siente verg\u00fcenza por su hijo, acusado por la fiscal\u00eda de Beijing de un delito de drogas que podr\u00eda valerle hasta tres a\u00f1os de prisi\u00f3n.<\/p>\n<p style=\"text-align: justify;\">La agencia noticiosa china Xinhua difundi\u00f3 las declaraciones de Chan el mi\u00e9rcoles, dos d\u00edas despu\u00e9s que las autoridades anunciaron los cargos que pesan sobre Jaycee Chan, de 32 a\u00f1os, acusados de dar refugio a consumidores de drogas.<\/p>\n<p style=\"text-align: justify;\">El esc\u00e1ndalo es particularmente vergonzoso para Jackie Chan, a quien Beijing design\u00f3 embajador antidrogas en 2009.<\/p>\n<p style=\"text-align: justify;\">Jackie Chan, miembro del organismo pol\u00edtico asesor m\u00e1s importante de China &#8216;La Conferencia Pol\u00edtica Consultiva del Pueblo Chino&#8217;, dijo a Xinhua que no utiliz\u00f3 sus influencias en el caso, y expres\u00f3 la esperanza de que su hijo, actor y cantante, sea un embajador antidrogas una vez liberado.<\/p>\n<p style=\"text-align: justify;\">La polic\u00eda de Beijing detuvo a Chan hijo en su apartamento de Beijing en agosto junto con el actor taiwan\u00e9s Ko Kai. La polic\u00eda dijo que an\u00e1lisis toxicol\u00f3gicos revelaron que ambos hab\u00edan consumido marihuana y que se hallaron 100 gramos de la droga en la casa. Ambos reconocieron haber consumido.<\/p>\n<p style=\"text-align: justify;\">Ko, cuyo verdadero nombre es Ko Chen-tung, cumpli\u00f3 14 d\u00edas de detenci\u00f3n administrativa, pero Chan, que sigue preso, enfrenta el cargo m\u00e1s grave.<\/p>\n<p style=\"text-align: justify;\">Hijo \u00fanico de Jackie Chan, Jaycee Chan aparece con frecuencia en los medios de comunicaci\u00f3n. Ha actuado en varias pel\u00edculas y publicado tres \u00e1lbumes. (http:\/\/www.informador.com.mx)<\/p>\n","protected":false},"excerpt":{"rendered":"<p>BEIJING, CHINA (24\/DIC\/2014).- El astro de pel\u00edculas de acci\u00f3n Jackie Chan dijo que siente verg\u00fcenza por su hijo, acusado por<\/p>\n","protected":false},"author":1,"featured_media":0,"comment_status":"open","ping_status":"open","sticky":false,"template":"","format":"standard","meta":{"footnotes":""},"categories":[1],"tags":[],"_links":{"self":[{"href":"https:\/\/www.ecuadoraldia.com.ec\/index.php?rest_route=\/wp\/v2\/posts\/6778"}],"collection":[{"href":"https:\/\/www.ecuadoraldia.com.ec\/index.php?rest_route=\/wp\/v2\/posts"}],"about":[{"href":"https:\/\/www.ecuadoraldia.com.ec\/index.php?rest_route=\/wp\/v2\/types\/post"}],"author":[{"embeddable":true,"href":"https:\/\/www.ecuadoraldia.com.ec\/index.php?rest_route=\/wp\/v2\/users\/1"}],"replies":[{"embeddable":true,"href":"https:\/\/www.ecuadoraldia.com.ec\/index.php?rest_route=%2Fwp%2Fv2%2Fcomments&post=6778"}],"version-history":[{"count":2,"href":"https:\/\/www.ecuadoraldia.com.ec\/index.php?rest_route=\/wp\/v2\/posts\/6778\/revisions"}],"predecessor-version":[{"id":6781,"href":"https:\/\/www.ecuadoraldia.com.ec\/index.php?rest_route=\/wp\/v2\/posts\/6778\/revisions\/6781"}],"wp:attachment":[{"href":"https:\/\/www.ecuadoraldia.com.ec\/index.php?rest_route=%2Fwp%2Fv2%2Fmedia&parent=6778"}],"wp:term":[{"taxonomy":"category","embeddable":true,"href":"https:\/\/www.ecuadoraldia.com.ec\/index.php?rest_route=%2Fwp%2Fv2%2Fcategories&post=6778"},{"taxonomy":"post_tag","embeddable":true,"href":"https:\/\/www.ecuadoraldia.com.ec\/index.php?rest_route=%2Fwp%2Fv2%2Ftags&post=6778"}],"curies":[{"name":"wp","href":"https:\/\/api.w.org\/{rel}","templated":true}]}}