{"id":6785,"date":"2014-12-26T13:31:02","date_gmt":"2014-12-26T13:31:02","guid":{"rendered":"http:\/\/www.ecuadoraldia.com.ec\/?p=6785"},"modified":"2014-12-26T13:31:02","modified_gmt":"2014-12-26T13:31:02","slug":"el-fracaso-de-la-politica-de-ee-uu-frente-a-cuba-abre-camino-a-una-infinidad-de-logros","status":"publish","type":"post","link":"https:\/\/www.ecuadoraldia.com.ec\/?p=6785","title":{"rendered":"El fracaso de la pol\u00edtica de EE.UU. frente a Cuba abre camino a una infinidad de logros"},"content":{"rendered":"<p style=\"text-align: justify;\"><a href=\"http:\/\/www.ecuadoraldia.com.ec\/wp-content\/uploads\/2014\/12\/c-o.jpg\"><img loading=\"lazy\" decoding=\"async\" class=\"alignleft size-medium wp-image-6786\" src=\"http:\/\/www.ecuadoraldia.com.ec\/wp-content\/uploads\/2014\/12\/c-o-300x148.jpg\" alt=\"c-o\" width=\"300\" height=\"148\" srcset=\"https:\/\/www.ecuadoraldia.com.ec\/wp-content\/uploads\/2014\/12\/c-o-300x148.jpg 300w, https:\/\/www.ecuadoraldia.com.ec\/wp-content\/uploads\/2014\/12\/c-o.jpg 450w\" sizes=\"(max-width: 300px) 100vw, 300px\" \/><\/a>Ra\u00fal Castro y Barack Obama concluyeron cinco d\u00e9cadas de hostilidades el 17 de diciembre de este a\u00f1o.<br \/>\nRa\u00fal Castro y Barack Obama concluyeron cinco d\u00e9cadas de hostilidades el 17 de diciembre de este a\u00f1o.<br \/>\nEra cerca del mediod\u00eda del 17 de diciembre. En la embajada de Cuba, una veintena de cubanos y ecuatorianos ten\u00edan clavada su mirada sobre la pantalla del televisor que transmit\u00eda en vivo la intervenci\u00f3n del presidente estadounidense, Barack Obama. Cuando termin\u00f3 su alocuci\u00f3n estallaron en vivas a Cuba y a la Revoluci\u00f3n, con el pu\u00f1o en alto. En la sala hab\u00eda l\u00e1grimas de alegr\u00eda, gritos de victoria, compromisos y aplausos.<\/p>\n<p style=\"text-align: justify;\">All\u00ed estaban funcionarios de la embajada e inmigrantes. Estaban: Hern\u00e1n Rivadeneira, presidente del Comit\u00e9 de Solidaridad por la libertad de los 5 antiterroristas; las asamble\u00edstas Mar\u00eda Augusta Calle, presidenta nacional de la Coordinadora de Solidaridad con Cuba; y Kerlly Torres, del Grupo Parlamentario de Solidaridad con Cuba; Jos\u00e9 Zapata, militante permanente de la solidaridad con la isla. Hasta all\u00ed hab\u00eda llegado Pablo Guayasam\u00edn, presidente de la Fundaci\u00f3n Guayasam\u00edn, presuroso, como si se retrasara a una cita a la que no deb\u00eda faltar.<\/p>\n<p style=\"text-align: justify;\">El embajador Jorge Rodr\u00edguez compart\u00eda emociones. Al t\u00e9rmino de la intervenci\u00f3n de Obama dijo en tono pausado, pero firme: \u201cAqu\u00ed se confirma una vez m\u00e1s que cuando no se ceja en los principios, cuando estamos dispuestos a defender ideas justas y lo que m\u00e1s queremos, que es nuestra patria, se puede vencer\u201d.<\/p>\n<p style=\"text-align: justify;\">Agreg\u00f3 que ahora, los cubanos ten\u00edan m\u00e1s justificaci\u00f3n para seguir trabajando sin descanso por desarrollar su pa\u00eds.<\/p>\n<p style=\"text-align: justify;\">El diplom\u00e1tico reconoci\u00f3 la valent\u00eda del mandatario estadounidense al tomar la decisi\u00f3n que hab\u00eda anunciado minutos antes y reflexion\u00f3 con mesura: \u201cAhora, no podemos tampoco humillar a nuestros adversarios, porque han actuado con raz\u00f3n y sensatez\u201d, dijo.<\/p>\n<p style=\"text-align: justify;\">Record\u00f3 que se hab\u00eda cumplido el presagio del l\u00edder de la Revoluci\u00f3n, Fidel Castro, quien en 2001 asegur\u00f3 que los 5 antiterroristas retornar\u00edan a su pa\u00eds, y abri\u00f3 tribuna para quien quisiera hablar.<\/p>\n<p style=\"text-align: justify;\">El pintor Luis Alberto Saavedra, presidente de la Asociaci\u00f3n de Cubanos Residentes en Ecuador, salt\u00f3 a la palestra. Se sent\u00eda tabaquero de Tampa, en alusi\u00f3n a los trabajadores cubanos en la industria tabacalera de Florida, Estados Unidos, que apoyaron con armas y medicinas la causa independentista de su pa\u00eds, en el siglo XIX.<\/p>\n<p style=\"text-align: justify;\">Saavedra anunci\u00f3 que los colectivos de la inmigraci\u00f3n cubana en varios pa\u00edses de Am\u00e9rica trabajan en el proyecto \u2018Fe por Cuba\u2019, que se prepara a entregar en septiembre de 2015, una r\u00e9plica de la Virgen de la Caridad del Cobre, patrona de la isla en 36 pa\u00edses, para abogar por el levantamiento del bloqueo estadounidense. La iniciativa incluir\u00e1 a Michelle Obama, esposa del presidente Barack Obama, como destinataria n\u00famero 37.<\/p>\n<p style=\"text-align: justify;\">Hern\u00e1n Rivadeneira sostuvo que el reconocimiento de Obama del fracaso de la pol\u00edtica de su pa\u00eds respecto a Cuba \u201cabre una infinidad de logros que vendr\u00e1n, entre los cuales est\u00e1 el t\u00e9rmino del bloqueo\u201d. A\u00f1adi\u00f3 que la liberaci\u00f3n de los tres cubanos \u201cno es m\u00e1s que el inicio de una transformaci\u00f3n, que ya no pudo ocultar, incluso Obama\u201d, tanto que el mandatario hab\u00eda anunciado que \u201cva a intentar dar curso a algunas de las cuestiones que est\u00e1n pendientes\u201d.<\/p>\n<p style=\"text-align: justify;\">Pablo Guayasam\u00edn record\u00f3 que Cuba ya sali\u00f3 victoriosa de la batalla que libr\u00f3 por Eli\u00e1n Gonz\u00e1lez y, tras reconocer que Obama, \u201cdespu\u00e9s de habernos desilusionado, ha dado un paso importante\u201d, hizo votos porque esa decisi\u00f3n \u201cno lo lleve a la muerte, porque tambi\u00e9n dentro de Estados Unidos existen fuerzas retr\u00f3gradas y extremistas, y no ser\u00eda nada extra\u00f1o que le apliquen la misma pol\u00edtica que utilizaron contra John F. Kennedy\u201d, asesinado en 1963, al parecer por una conspiraci\u00f3n.<\/p>\n<p style=\"text-align: justify;\">En una cubana presente en la sala hab\u00eda una mezcla de fe, c\u00e1bala y raz\u00f3n. Record\u00f3 que la liberaci\u00f3n de los tres antiterroristas se hab\u00eda producido el 17 de diciembre, D\u00eda de San L\u00e1zaro, santo venerado en su pa\u00eds, y eran 17 el n\u00famero de a\u00f1os que los tres antiterroristas permanecieron en prisi\u00f3n en EE.UU. Despu\u00e9s, mir\u00e1ndose al cuello not\u00f3 que el pa\u00f1uelo que llevaba puesto, era del mismo color morado, distintivo del santo. Finalmente, reflexion\u00f3 que tras la liberaci\u00f3n hab\u00eda a\u00f1os de lucha de su pa\u00eds y de todos quienes fueron solidarios con la causa.<\/p>\n<p style=\"text-align: justify;\">Hab\u00eda l\u00e1grimas, mientras el embajador Rodr\u00edguez volv\u00eda a intervenir para reconocer el apoyo del presidente Rafael Correa a su pa\u00eds, e improvisar un brindis.<\/p>\n<p style=\"text-align: justify;\">Tras el acto en la sede diplom\u00e1tica, quedaron flotando en el ambiente las palabras del embajador Rodr\u00edguez: \u201cNo todo ha terminado, todav\u00eda hay muchas cosas por hacer\u201d, porque \u201cel bloqueo est\u00e1 all\u00ed\u201d, aunque \u201cse abren nuevas posibilidades\u201d. \u201cEs una lucha dura porque hay muchas fuerzas en EE.UU. que se oponen\u201d. (El tel\u00e9grafo)<\/p>\n","protected":false},"excerpt":{"rendered":"<p>Ra\u00fal Castro y Barack Obama concluyeron cinco d\u00e9cadas de hostilidades el 17 de diciembre de este a\u00f1o. Ra\u00fal Castro y<\/p>\n","protected":false},"author":1,"featured_media":0,"comment_status":"open","ping_status":"open","sticky":false,"template":"","format":"standard","meta":{"footnotes":""},"categories":[7],"tags":[],"_links":{"self":[{"href":"https:\/\/www.ecuadoraldia.com.ec\/index.php?rest_route=\/wp\/v2\/posts\/6785"}],"collection":[{"href":"https:\/\/www.ecuadoraldia.com.ec\/index.php?rest_route=\/wp\/v2\/posts"}],"about":[{"href":"https:\/\/www.ecuadoraldia.com.ec\/index.php?rest_route=\/wp\/v2\/types\/post"}],"author":[{"embeddable":true,"href":"https:\/\/www.ecuadoraldia.com.ec\/index.php?rest_route=\/wp\/v2\/users\/1"}],"replies":[{"embeddable":true,"href":"https:\/\/www.ecuadoraldia.com.ec\/index.php?rest_route=%2Fwp%2Fv2%2Fcomments&post=6785"}],"version-history":[{"count":1,"href":"https:\/\/www.ecuadoraldia.com.ec\/index.php?rest_route=\/wp\/v2\/posts\/6785\/revisions"}],"predecessor-version":[{"id":6787,"href":"https:\/\/www.ecuadoraldia.com.ec\/index.php?rest_route=\/wp\/v2\/posts\/6785\/revisions\/6787"}],"wp:attachment":[{"href":"https:\/\/www.ecuadoraldia.com.ec\/index.php?rest_route=%2Fwp%2Fv2%2Fmedia&parent=6785"}],"wp:term":[{"taxonomy":"category","embeddable":true,"href":"https:\/\/www.ecuadoraldia.com.ec\/index.php?rest_route=%2Fwp%2Fv2%2Fcategories&post=6785"},{"taxonomy":"post_tag","embeddable":true,"href":"https:\/\/www.ecuadoraldia.com.ec\/index.php?rest_route=%2Fwp%2Fv2%2Ftags&post=6785"}],"curies":[{"name":"wp","href":"https:\/\/api.w.org\/{rel}","templated":true}]}}