{"id":6788,"date":"2014-12-26T13:32:16","date_gmt":"2014-12-26T13:32:16","guid":{"rendered":"http:\/\/www.ecuadoraldia.com.ec\/?p=6788"},"modified":"2014-12-26T13:32:16","modified_gmt":"2014-12-26T13:32:16","slug":"la-cabeza-de-la-iglesia-toco-3-de-los-temas-mas-sensibles-para-el-catolicismo-en-2014","status":"publish","type":"post","link":"https:\/\/www.ecuadoraldia.com.ec\/?p=6788","title":{"rendered":"La cabeza de la Iglesia toc\u00f3 3 de los temas m\u00e1s sensibles para el catolicismo en 2014"},"content":{"rendered":"<p style=\"text-align: justify;\"><a href=\"http:\/\/www.ecuadoraldia.com.ec\/wp-content\/uploads\/2014\/12\/papasor1.jpg\"><img loading=\"lazy\" decoding=\"async\" class=\"alignleft size-medium wp-image-6789\" src=\"http:\/\/www.ecuadoraldia.com.ec\/wp-content\/uploads\/2014\/12\/papasor1-300x298.jpg\" alt=\"papasor\" width=\"300\" height=\"298\" srcset=\"https:\/\/www.ecuadoraldia.com.ec\/wp-content\/uploads\/2014\/12\/papasor1-300x298.jpg 300w, https:\/\/www.ecuadoraldia.com.ec\/wp-content\/uploads\/2014\/12\/papasor1-150x150.jpg 150w, https:\/\/www.ecuadoraldia.com.ec\/wp-content\/uploads\/2014\/12\/papasor1.jpg 303w\" sizes=\"(max-width: 300px) 100vw, 300px\" \/><\/a>Luego de 21 meses de su papado, el argentino Jorge Bergoglio, de 78 a\u00f1os, propone otros paradigmas para llegar a \u201cverdadera transformaci\u00f3n eclesial\u201d.<\/p>\n<p style=\"text-align: justify;\">Nada parece ser dif\u00edcil: \u201cSalir para escuchar, para bendecir, para caminar con la gente. Facilitar el encuentro con el Se\u00f1or, hacer accesible el sacramento del bautismo, iglesias abiertas, secretar\u00edas con horarios para personas que trabajan y, catequesis adaptadas en los contenidos y en los horarios a la ciudad\u201d.<\/p>\n<p style=\"text-align: justify;\">En el camino de las reformas, Francisco ha sido en\u00e9rgico con la curia. Por ejemplo, el pasado noviembre critic\u00f3 los cobros de los sacramentos en las parroquias, como la primera comuni\u00f3n y el matrimonio.<\/p>\n<p style=\"text-align: justify;\">\u201cHay 2 cosas que el pueblo de Dios no puede perdonar: un sacerdote apegado al dinero o un sacerdote que maltrata a la gente, y el esc\u00e1ndalo, cuando el templo, la casa de Dios, se convierte en una casa de negocios\u201d, dijo el Papa durante la homil\u00eda.<\/p>\n<p style=\"text-align: justify;\">La respuesta lleg\u00f3 de inmediato de parte de los sacerdotes de las iglesias de diferentes partes del mundo. En Argentina, el obispo Froil\u00e1n Casas se\u00f1al\u00f3 que a nivel de Di\u00f3cesis no utilizan lo religioso para hacer mercantilismo y que aunque han querido tildar a los sacerdotes e iglesias de ricos, no lo son. Al contrario, \u2018desnud\u00f3\u2019 una dif\u00edcil situaci\u00f3n de la Iglesia cat\u00f3lica, porque a diferencia de otras religiones no cobran el diezmo.<\/p>\n<p style=\"text-align: justify;\">En Ecuador, el vocero de la Arquidi\u00f3cesis de Guayaquil, padre C\u00e9sar Piechestein, se\u00f1al\u00f3 que toda parroquia necesita financiarse para pagar los servicios b\u00e1sicos, tributos y otros gastos por lo que solo se pide un valor referencial, que si alguien no lo tiene, no se le niega el sacramento.<\/p>\n<p style=\"text-align: justify;\">El papa Francisco considera que \u201cfalta mucho todav\u00eda\u201d para reestructurar la iglesia y en una entrevista de 50 minutos, concedida al diario \u2018La Naci\u00f3n\u2019 de Argentina, no evadi\u00f3 las pol\u00e9micas de su pontificado, como el diagn\u00f3stico del estado actual de la familia.<\/p>\n<p style=\"text-align: justify;\">El S\u00ednodo extraordinario de Obispos realizado en octubre de este a\u00f1o evidenci\u00f3 las divisiones sobre c\u00f3mo debe enfrentar la Iglesia sus desaf\u00edos: el matrimonio entre parejas del mismo sexo, las familias diversas, el divorcio. El encuentro pasado expuso 38 interrogantes, entre estas, \u00bfc\u00f3mo hacer m\u00e1s accesible y \u00e1gil los casos de nulidad matrimonial?, \u00bfc\u00f3mo la comunidad cristiana dirige su atenci\u00f3n pastoral a las familias que tienen en su seno alguna persona con tendencia homosexual? y discernir los elementos positivos y negativos de la vida de las personas casadas por lo civil.<\/p>\n<p style=\"text-align: justify;\">Mientras que la curia plantea las respuestas que ser\u00e1n divulgadas en el s\u00ednodo oficial en 2015, Francisco ha dejado en claro que los divorciados vueltos a casar tendr\u00e1n una puerta abierta, ya que aunque la iglesia diga que no, \u201cest\u00e1n excomulgados de facto\u201d.<\/p>\n<p style=\"text-align: justify;\">Otro de los puntos pol\u00e9micos que Francisco s\u00ed abord\u00f3 fue la condena a curas acusados de pedofilia. En septiembre fue el propio Papa, quien a nombre del Vaticano, abri\u00f3 un juicio penal contra su exnuncio en Rep\u00fablica Dominicana, Jozef Wesolowski, por pedofilia. Fue el primer caso de abuso sexual en ser juzgado por la Iglesia.<\/p>\n<p style=\"text-align: justify;\">Esto demostr\u00f3 que las posturas contrarias no es algo que le preocupe a Bergoglio, quien recibi\u00f3 un papado en una \u00e9poca en la que esperaba retirarse y luego de un tiempo se dijo \u201cJorge no cambies, segu\u00ed siendo el mismo, porque cambiar a tu edad es hacer el rid\u00edculo\u201d.(El tel\u00e9grafo)<\/p>\n","protected":false},"excerpt":{"rendered":"<p>Luego de 21 meses de su papado, el argentino Jorge Bergoglio, de 78 a\u00f1os, propone otros paradigmas para llegar a<\/p>\n","protected":false},"author":1,"featured_media":0,"comment_status":"open","ping_status":"open","sticky":false,"template":"","format":"standard","meta":{"footnotes":""},"categories":[7],"tags":[],"_links":{"self":[{"href":"https:\/\/www.ecuadoraldia.com.ec\/index.php?rest_route=\/wp\/v2\/posts\/6788"}],"collection":[{"href":"https:\/\/www.ecuadoraldia.com.ec\/index.php?rest_route=\/wp\/v2\/posts"}],"about":[{"href":"https:\/\/www.ecuadoraldia.com.ec\/index.php?rest_route=\/wp\/v2\/types\/post"}],"author":[{"embeddable":true,"href":"https:\/\/www.ecuadoraldia.com.ec\/index.php?rest_route=\/wp\/v2\/users\/1"}],"replies":[{"embeddable":true,"href":"https:\/\/www.ecuadoraldia.com.ec\/index.php?rest_route=%2Fwp%2Fv2%2Fcomments&post=6788"}],"version-history":[{"count":1,"href":"https:\/\/www.ecuadoraldia.com.ec\/index.php?rest_route=\/wp\/v2\/posts\/6788\/revisions"}],"predecessor-version":[{"id":6790,"href":"https:\/\/www.ecuadoraldia.com.ec\/index.php?rest_route=\/wp\/v2\/posts\/6788\/revisions\/6790"}],"wp:attachment":[{"href":"https:\/\/www.ecuadoraldia.com.ec\/index.php?rest_route=%2Fwp%2Fv2%2Fmedia&parent=6788"}],"wp:term":[{"taxonomy":"category","embeddable":true,"href":"https:\/\/www.ecuadoraldia.com.ec\/index.php?rest_route=%2Fwp%2Fv2%2Fcategories&post=6788"},{"taxonomy":"post_tag","embeddable":true,"href":"https:\/\/www.ecuadoraldia.com.ec\/index.php?rest_route=%2Fwp%2Fv2%2Ftags&post=6788"}],"curies":[{"name":"wp","href":"https:\/\/api.w.org\/{rel}","templated":true}]}}