{"id":6794,"date":"2014-12-26T13:36:01","date_gmt":"2014-12-26T13:36:01","guid":{"rendered":"http:\/\/www.ecuadoraldia.com.ec\/?p=6794"},"modified":"2014-12-26T13:42:12","modified_gmt":"2014-12-26T13:42:12","slug":"productos-ecuatorianos-ingresaran-a-la-union-europea-sin-restricciones","status":"publish","type":"post","link":"https:\/\/www.ecuadoraldia.com.ec\/?p=6794","title":{"rendered":"Productos ecuatorianos ingresar\u00e1n a la Uni\u00f3n Europea sin restricciones"},"content":{"rendered":"<figure id=\"attachment_6795\" aria-describedby=\"caption-attachment-6795\" style=\"width: 300px\" class=\"wp-caption alignleft\"><a href=\"http:\/\/www.ecuadoraldia.com.ec\/wp-content\/uploads\/2014\/12\/ecuador2.jpg\"><img loading=\"lazy\" decoding=\"async\" class=\"size-medium wp-image-6795\" src=\"http:\/\/www.ecuadoraldia.com.ec\/wp-content\/uploads\/2014\/12\/ecuador2-300x243.jpg\" alt=\"Foto internet\" width=\"300\" height=\"243\" srcset=\"https:\/\/www.ecuadoraldia.com.ec\/wp-content\/uploads\/2014\/12\/ecuador2-300x243.jpg 300w, https:\/\/www.ecuadoraldia.com.ec\/wp-content\/uploads\/2014\/12\/ecuador2.jpg 454w\" sizes=\"(max-width: 300px) 100vw, 300px\" \/><\/a><figcaption id=\"caption-attachment-6795\" class=\"wp-caption-text\">Foto internet<\/figcaption><\/figure>\n<p style=\"text-align: justify;\">El 67% de la oferta corresponde a bienes que ecuador ya exporta al mercado europeo, mientras que la mayor\u00eda de importaciones desde europa ya est\u00e1 liberada de arancel. Gran parte corresponde a bienes de capital, como equipos y maquinarias que no se producen en el pa\u00eds.<\/p>\n<p style=\"text-align: justify;\">A mediados de a\u00f1o y luego de 4 rondas de negociaciones, Ecuador cerr\u00f3 un acuerdo comercial multipartes con la Uni\u00f3n Europea (UE), bajo par\u00e1metros que el Gobierno consider\u00f3 apropiados para el pa\u00eds.<\/p>\n<p style=\"text-align: justify;\">El ministro de Comercio Exterior, Francisco Rivadeneira, anunci\u00f3 entonces que el texto cumple con 4 condiciones: potencia oportunidades, reduce costos, respeta el modelo de desarrollo del pa\u00eds y permite proteger los sectores m\u00e1s sensibles\u201d.<\/p>\n<p style=\"text-align: justify;\">De lo acordado, el mayor beneficio radica en la entrada sin arancel de 9.200 productos a ese mercado desde el primer d\u00eda y aunque hasta el momento el pa\u00eds no exporta tal cantidad de bienes, algunos constituyen una oportunidad en el futuro, afirm\u00f3 Daniel Legarda, vicepresidente ejecutivo de la Federaci\u00f3n Ecuatoriana de Exportadores (Fedexpor).<\/p>\n<p style=\"text-align: justify;\">Dentro de la cifra se concentra el 67% de las exportaciones que actualmente llega a la UE desde Ecuador. Solo el banano ocupa el 32% pese a tener, por ahora, un arancel menos competitivo que el de otros productores, como Colombia y Per\u00fa.<\/p>\n<p style=\"text-align: justify;\">\u201cEn 2020 el banano terminar\u00e1 con 75 euros de arancel por tonelada, pero hasta 2016, una vez que el acuerdo entre en vigencia, ya entramos con un cronograma m\u00e1s bajo, que es de 104 euros\u201d, expres\u00f3 el ejecutivo. Actualmente el arancel est\u00e1 entre 130 y 140, lo que significa una afectaci\u00f3n competitiva.<\/p>\n<p style=\"text-align: justify;\">Durante la negociaci\u00f3n, la protecci\u00f3n a las industrias locales es un tema que se consider\u00f3 en ambas partes y gener\u00f3 medidas como la de colocar l\u00edmites en el volumen de exportaci\u00f3n. De la canasta ecuatoriana hay el 1% que incluye productos como az\u00facar, arroz y ma\u00edz, y que ingresar\u00e1n con un contingente preferencial. Por ejemplo, Ecuador podr\u00e1 exportar az\u00facar sin pagar arancel solo hasta las 100 toneladas.<\/p>\n<p style=\"text-align: justify;\">De parte de Europa, la idea es similar, y en el caso de los l\u00e1cteos, se excluyeron los quesos frescos y la leche (de mayor consumo en el pa\u00eds), pero se incluy\u00f3 un contingente de queso maduro, con un arancel de 25% y un tiempo de desgravaci\u00f3n de 17 a\u00f1os. As\u00ed tambi\u00e9n, 400 TM de leche en polvo, lo que para expertos no representar\u00e1 una amenaza. Seg\u00fan un informe del Ministerio de Agricultura, Acuacultura, Ganader\u00eda y Pesca (Magap), esta importaci\u00f3n de leche equivaldr\u00eda al 0,18% de la producci\u00f3n nacional.<\/p>\n<p style=\"text-align: justify;\">El documento del acuerdo, que actualmente est\u00e1 en proceso de traducci\u00f3n a 28 idiomas, establece adem\u00e1s salvaguardias en caso de que la importaci\u00f3n de un determinado bien genere perjuicios a un sector particular, lo que significa la imposici\u00f3n de aranceles por un tiempo determinado, se\u00f1al\u00f3 Legarda.<\/p>\n<p style=\"text-align: justify;\">Ecuador puso tambi\u00e9n especial \u00e9nfasis en las Mypimes (micro, peque\u00f1as y medianas empresas), as\u00ed como en las asociaciones de la Econom\u00eda Popular y Solidaria, por lo que, en el caso particular de las compras p\u00fablicas, estas continuar\u00e1n participando de manera privilegiada en procesos como el de confecci\u00f3n de uniformes escolares, alimentaci\u00f3n y construcci\u00f3n de escuelas del milenio. La Uni\u00f3n Europea acept\u00f3 su exclusi\u00f3n en estos procesos.<\/p>\n<p style=\"text-align: justify;\">Seg\u00fan datos de 2013 de Fedexpor, de las 1.500 empresas que exportan a la UE, 996 son Mypimes. \u201cAqu\u00ed se incluyen personas naturales, incluso empresas familiares que exportan\u201d, se\u00f1al\u00f3 Legarda.<\/p>\n<p style=\"text-align: justify;\">Por lo dem\u00e1s, las cosas no cambian tanto con el acuerdo. El 60% de productos europeos que se liberan de aranceles equivale al 77% de importaciones que Ecuador ya realiza, y de este, el 75% ya no los ten\u00eda, pues la mayor\u00eda es de bienes de capital que no se produce en Ecuador. Durante el proceso de negociaci\u00f3n, la complementariedad entre ambos mercados fue un discurso con el que concuerda el experto. (El tel\u00e9grafo-ecuadoraldia.com.ec)<\/p>\n","protected":false},"excerpt":{"rendered":"<p>El 67% de la oferta corresponde a bienes que ecuador ya exporta al mercado europeo, mientras que la mayor\u00eda de<\/p>\n","protected":false},"author":1,"featured_media":0,"comment_status":"open","ping_status":"open","sticky":false,"template":"","format":"standard","meta":{"footnotes":""},"categories":[1],"tags":[],"_links":{"self":[{"href":"https:\/\/www.ecuadoraldia.com.ec\/index.php?rest_route=\/wp\/v2\/posts\/6794"}],"collection":[{"href":"https:\/\/www.ecuadoraldia.com.ec\/index.php?rest_route=\/wp\/v2\/posts"}],"about":[{"href":"https:\/\/www.ecuadoraldia.com.ec\/index.php?rest_route=\/wp\/v2\/types\/post"}],"author":[{"embeddable":true,"href":"https:\/\/www.ecuadoraldia.com.ec\/index.php?rest_route=\/wp\/v2\/users\/1"}],"replies":[{"embeddable":true,"href":"https:\/\/www.ecuadoraldia.com.ec\/index.php?rest_route=%2Fwp%2Fv2%2Fcomments&post=6794"}],"version-history":[{"count":1,"href":"https:\/\/www.ecuadoraldia.com.ec\/index.php?rest_route=\/wp\/v2\/posts\/6794\/revisions"}],"predecessor-version":[{"id":6796,"href":"https:\/\/www.ecuadoraldia.com.ec\/index.php?rest_route=\/wp\/v2\/posts\/6794\/revisions\/6796"}],"wp:attachment":[{"href":"https:\/\/www.ecuadoraldia.com.ec\/index.php?rest_route=%2Fwp%2Fv2%2Fmedia&parent=6794"}],"wp:term":[{"taxonomy":"category","embeddable":true,"href":"https:\/\/www.ecuadoraldia.com.ec\/index.php?rest_route=%2Fwp%2Fv2%2Fcategories&post=6794"},{"taxonomy":"post_tag","embeddable":true,"href":"https:\/\/www.ecuadoraldia.com.ec\/index.php?rest_route=%2Fwp%2Fv2%2Ftags&post=6794"}],"curies":[{"name":"wp","href":"https:\/\/api.w.org\/{rel}","templated":true}]}}