{"id":6797,"date":"2014-12-26T13:40:54","date_gmt":"2014-12-26T13:40:54","guid":{"rendered":"http:\/\/www.ecuadoraldia.com.ec\/?p=6797"},"modified":"2014-12-26T13:40:54","modified_gmt":"2014-12-26T13:40:54","slug":"nuevos-jueces-de-la-corte-nacional-son-cercanos-a-gustavo-jalkh","status":"publish","type":"post","link":"https:\/\/www.ecuadoraldia.com.ec\/?p=6797","title":{"rendered":"Nuevos jueces de la Corte Nacional son cercanos a Gustavo Jalkh"},"content":{"rendered":"<p style=\"text-align: justify;\"><a href=\"http:\/\/www.ecuadoraldia.com.ec\/wp-content\/uploads\/2014\/12\/jueces.jpg\"><img loading=\"lazy\" decoding=\"async\" class=\"alignleft size-medium wp-image-6798\" src=\"http:\/\/www.ecuadoraldia.com.ec\/wp-content\/uploads\/2014\/12\/jueces-300x275.jpg\" alt=\"jueces\" width=\"300\" height=\"275\" srcset=\"https:\/\/www.ecuadoraldia.com.ec\/wp-content\/uploads\/2014\/12\/jueces-300x275.jpg 300w, https:\/\/www.ecuadoraldia.com.ec\/wp-content\/uploads\/2014\/12\/jueces.jpg 308w\" sizes=\"(max-width: 300px) 100vw, 300px\" \/><\/a>La mayor\u00eda de los siete nuevos jueces de la Corte Nacional de Justicia (CNJ) acreditan experiencia en altos cargos en el Consejo de la Judicatura (CJ), Cortes de Justicia y la Fiscal\u00eda. Ellos participaron en el concurso p\u00fablico, cuyos resultados fueron notificados oficialmente el pasado mi\u00e9rcoles.<\/p>\n<p style=\"text-align: justify;\">En las hojas de vida de seis de los nuevos magistrados consta que ocuparon puestos administrativos de la Judicatura.<\/p>\n<p style=\"text-align: justify;\">As\u00ed, por ejemplo, Pablo Tinajero Delgado (alcanz\u00f3 95 puntos), fue alto funcionario del CJ y era considerado mano derecha del presidente de ese organismo, Gustavo Jalkh.<\/p>\n<p style=\"text-align: justify;\">Miguel Jurado Fabara (96,25) tambi\u00e9n fue asesor de Jalkh y fiscal de Pichincha. En un enlace sabatino, el presidente Rafael Correa pidi\u00f3 su remoci\u00f3n por un supuesto maltrato a familias de desaparecidos.<\/p>\n<p style=\"text-align: justify;\">Mientras, Luis Enr\u00edquez Villacr\u00e9s (96,5) estuvo encargado de la delegaci\u00f3n distrital del CJ en Pichincha.<\/p>\n<p style=\"text-align: justify;\">Rom\u00e1n Jos\u00e9 Luis Ter\u00e1n Su\u00e1rez (98,5) ocup\u00f3 el puesto de conjuez de la Sala de lo Contencioso Tributario en reemplazo de Jos\u00e9 Suing, juez destituido por el CJ.<\/p>\n<p style=\"text-align: justify;\">Ana Mar\u00eda Crespo (97) fue fiscal de la Unidad de Investigaciones Financieras; Sylvia S\u00e1nchez Insuasti (92) estuvo en la carrera judicial; mientras que Cynthia Guerrero (93,75) no registra actividad p\u00fablica.<\/p>\n<p style=\"text-align: justify;\">Los nuevos jueces se posesionar\u00e1n el 23 de enero del 2015.<\/p>\n<p style=\"text-align: justify;\">Ayer, asimismo, se conoci\u00f3 la renuncia de Wilson Merino, quien estaba en la Sala Penal de la CNJ. Se\u00f1al\u00f3 que lo hizo por \u201crazones personales\u201d.<\/p>\n<p style=\"text-align: justify;\">D\u00edas atr\u00e1s dimiti\u00f3, alegando las mismas razones, la jueza Ximena Vintimilla.<\/p>\n<p style=\"text-align: justify;\">Trascendi\u00f3 que otros magistrados analizan la posibilidad de retirarse antes de que se hagan p\u00fablicos los resultados de las evaluaciones.<\/p>\n<p style=\"text-align: justify;\">Merino fue mencionado por el asamble\u00edsta Andr\u00e9s P\u00e1ez (CREO) como uno de los supuestos beneficiarios de varios puntos para llegar al cargo de juez. Recientemente lo acus\u00f3 de supuestamente haber copiado textos del Rinc\u00f3n del Vago y otras p\u00e1ginas web.<\/p>\n<p style=\"text-align: justify;\">Seg\u00fan P\u00e1ez, estos fueron citados en un libro que Merino acaba de poner en circulaci\u00f3n. Este se titula Derecho Penal Parte General. (universo)<\/p>\n<p>&nbsp;<\/p>\n<p>&nbsp;<\/p>\n","protected":false},"excerpt":{"rendered":"<p>La mayor\u00eda de los siete nuevos jueces de la Corte Nacional de Justicia (CNJ) acreditan experiencia en altos cargos en<\/p>\n","protected":false},"author":1,"featured_media":0,"comment_status":"open","ping_status":"open","sticky":false,"template":"","format":"standard","meta":{"footnotes":""},"categories":[5],"tags":[],"_links":{"self":[{"href":"https:\/\/www.ecuadoraldia.com.ec\/index.php?rest_route=\/wp\/v2\/posts\/6797"}],"collection":[{"href":"https:\/\/www.ecuadoraldia.com.ec\/index.php?rest_route=\/wp\/v2\/posts"}],"about":[{"href":"https:\/\/www.ecuadoraldia.com.ec\/index.php?rest_route=\/wp\/v2\/types\/post"}],"author":[{"embeddable":true,"href":"https:\/\/www.ecuadoraldia.com.ec\/index.php?rest_route=\/wp\/v2\/users\/1"}],"replies":[{"embeddable":true,"href":"https:\/\/www.ecuadoraldia.com.ec\/index.php?rest_route=%2Fwp%2Fv2%2Fcomments&post=6797"}],"version-history":[{"count":1,"href":"https:\/\/www.ecuadoraldia.com.ec\/index.php?rest_route=\/wp\/v2\/posts\/6797\/revisions"}],"predecessor-version":[{"id":6799,"href":"https:\/\/www.ecuadoraldia.com.ec\/index.php?rest_route=\/wp\/v2\/posts\/6797\/revisions\/6799"}],"wp:attachment":[{"href":"https:\/\/www.ecuadoraldia.com.ec\/index.php?rest_route=%2Fwp%2Fv2%2Fmedia&parent=6797"}],"wp:term":[{"taxonomy":"category","embeddable":true,"href":"https:\/\/www.ecuadoraldia.com.ec\/index.php?rest_route=%2Fwp%2Fv2%2Fcategories&post=6797"},{"taxonomy":"post_tag","embeddable":true,"href":"https:\/\/www.ecuadoraldia.com.ec\/index.php?rest_route=%2Fwp%2Fv2%2Ftags&post=6797"}],"curies":[{"name":"wp","href":"https:\/\/api.w.org\/{rel}","templated":true}]}}