{"id":6815,"date":"2014-12-29T23:01:18","date_gmt":"2014-12-29T23:01:18","guid":{"rendered":"http:\/\/www.ecuadoraldia.com.ec\/?p=6815"},"modified":"2014-12-29T23:01:18","modified_gmt":"2014-12-29T23:01:18","slug":"reformas-a-la-ley-de-transito-iran-al-registro-oficial-video","status":"publish","type":"post","link":"https:\/\/www.ecuadoraldia.com.ec\/?p=6815","title":{"rendered":"Reformas a la Ley de Tr\u00e1nsito ir\u00e1n al Registro Oficial (Video)"},"content":{"rendered":"<p style=\"text-align: justify;\"><a href=\"http:\/\/www.ecuadoraldia.com.ec\/wp-content\/uploads\/2014\/12\/asamblea.jpg\"><img loading=\"lazy\" decoding=\"async\" class=\"alignleft size-medium wp-image-6816\" src=\"http:\/\/www.ecuadoraldia.com.ec\/wp-content\/uploads\/2014\/12\/asamblea-300x134.jpg\" alt=\"asamblea\" width=\"300\" height=\"134\" srcset=\"https:\/\/www.ecuadoraldia.com.ec\/wp-content\/uploads\/2014\/12\/asamblea-300x134.jpg 300w, https:\/\/www.ecuadoraldia.com.ec\/wp-content\/uploads\/2014\/12\/asamblea.jpg 450w\" sizes=\"(max-width: 300px) 100vw, 300px\" \/><\/a>El Pleno de la Asamblea Nacional se allan\u00f3 este lunes al veto parcial del Ejecutivo al proyecto de Ley Reformatoria a la Ley Org\u00e1nica de Transporte Terrestre y Seguridad Vial, que obtuvo 81 votos afirmativos, 17 negativos y 5 abstenciones.<\/p>\n<p style=\"text-align: justify;\">En la sesi\u00f3n de hoy, el asamble\u00edsta Juan Carlos Cassinelli, presidente de la Comisi\u00f3n de Desarrollo Econ\u00f3mico, mocion\u00f3 el allanamiento total al veto por tratarse de objeciones que mejoran la norma.<\/p>\n<p style=\"text-align: justify;\">Los parlamentarios aceptan el pedido relacionado con la contrataci\u00f3n de servicios de transporte terrestre; el sistema p\u00fablico para pago de accidentes de tr\u00e1nsito; al fortalecimiento del sistema para la obtenci\u00f3n de licencias de conducir no profesional Tipo B; el plazo para que el Servicio Ecuatoriano de Capacitaci\u00f3n Profesional obtenga la autorizaci\u00f3n de la Agencia Nacional de Regulaci\u00f3n.<\/p>\n<p style=\"text-align: justify;\">En cambio, se recomendaba ratificar el texto aprobado por la Asamblea Nacional en lo que tiene que ver con el plazo de depuraci\u00f3n de informaci\u00f3n y datos pertenecientes al Seguro Obligatorio de Accidentes de Tr\u00e1nsito, SOAT, y la estructuraci\u00f3n de la plataforma tecnol\u00f3gica que permita el cobro de la tasa por concepto del servicio que se preste a trav\u00e9s del sistema p\u00fablico para pago de accidentes de tr\u00e1nsito en la matriculaci\u00f3n vehicular.<\/p>\n<p style=\"text-align: justify;\">La Ley de Transporte Terrestre, Tr\u00e1nsito y Seguridad Vial tiene, entre otros prop\u00f3sitos, asegurar la capacitaci\u00f3n y actualizaci\u00f3n de conocimientos de los conductores, como mecanismo para evitar la inseguridad en las v\u00edas. La normativa ser\u00e1 remitida al Registro Oficial para su publicaci\u00f3n y promulgaci\u00f3n.<br \/>\nhttp:\/\/www.youtube.com\/watch?v=u541QRUeLNo<br \/>\nEl Tel\u00e9grafo<\/p>\n","protected":false},"excerpt":{"rendered":"<p>El Pleno de la Asamblea Nacional se allan\u00f3 este lunes al veto parcial del Ejecutivo al proyecto de Ley Reformatoria<\/p>\n","protected":false},"author":1,"featured_media":0,"comment_status":"open","ping_status":"open","sticky":false,"template":"","format":"standard","meta":{"footnotes":""},"categories":[3],"tags":[],"_links":{"self":[{"href":"https:\/\/www.ecuadoraldia.com.ec\/index.php?rest_route=\/wp\/v2\/posts\/6815"}],"collection":[{"href":"https:\/\/www.ecuadoraldia.com.ec\/index.php?rest_route=\/wp\/v2\/posts"}],"about":[{"href":"https:\/\/www.ecuadoraldia.com.ec\/index.php?rest_route=\/wp\/v2\/types\/post"}],"author":[{"embeddable":true,"href":"https:\/\/www.ecuadoraldia.com.ec\/index.php?rest_route=\/wp\/v2\/users\/1"}],"replies":[{"embeddable":true,"href":"https:\/\/www.ecuadoraldia.com.ec\/index.php?rest_route=%2Fwp%2Fv2%2Fcomments&post=6815"}],"version-history":[{"count":1,"href":"https:\/\/www.ecuadoraldia.com.ec\/index.php?rest_route=\/wp\/v2\/posts\/6815\/revisions"}],"predecessor-version":[{"id":6817,"href":"https:\/\/www.ecuadoraldia.com.ec\/index.php?rest_route=\/wp\/v2\/posts\/6815\/revisions\/6817"}],"wp:attachment":[{"href":"https:\/\/www.ecuadoraldia.com.ec\/index.php?rest_route=%2Fwp%2Fv2%2Fmedia&parent=6815"}],"wp:term":[{"taxonomy":"category","embeddable":true,"href":"https:\/\/www.ecuadoraldia.com.ec\/index.php?rest_route=%2Fwp%2Fv2%2Fcategories&post=6815"},{"taxonomy":"post_tag","embeddable":true,"href":"https:\/\/www.ecuadoraldia.com.ec\/index.php?rest_route=%2Fwp%2Fv2%2Ftags&post=6815"}],"curies":[{"name":"wp","href":"https:\/\/api.w.org\/{rel}","templated":true}]}}