{"id":6818,"date":"2014-12-29T23:03:59","date_gmt":"2014-12-29T23:03:59","guid":{"rendered":"http:\/\/www.ecuadoraldia.com.ec\/?p=6818"},"modified":"2014-12-29T23:07:55","modified_gmt":"2014-12-29T23:07:55","slug":"presidente-correa-es-para-ecuatorianos-el-personaje-del-ano-segun-encuesta-de-cedatos","status":"publish","type":"post","link":"https:\/\/www.ecuadoraldia.com.ec\/?p=6818","title":{"rendered":"Presidente Correa es el personaje del a\u00f1o, seg\u00fan encuesta de Cedatos"},"content":{"rendered":"<p style=\"text-align: justify;\"><a href=\"http:\/\/www.ecuadoraldia.com.ec\/wp-content\/uploads\/2014\/12\/correa_1db.jpg\"><img loading=\"lazy\" decoding=\"async\" class=\"alignleft size-medium wp-image-6819\" src=\"http:\/\/www.ecuadoraldia.com.ec\/wp-content\/uploads\/2014\/12\/correa_1db-300x198.jpg\" alt=\"correa_1db\" width=\"300\" height=\"198\" srcset=\"https:\/\/www.ecuadoraldia.com.ec\/wp-content\/uploads\/2014\/12\/correa_1db-300x198.jpg 300w, https:\/\/www.ecuadoraldia.com.ec\/wp-content\/uploads\/2014\/12\/correa_1db.jpg 450w\" sizes=\"(max-width: 300px) 100vw, 300px\" \/><\/a>La gesti\u00f3n del presidente del Rafael Correa culmina en este a\u00f1o con un nivel de aprobaci\u00f3n del 60%, seg\u00fan una encuesta realizada por la empresa Cedatos.<\/p>\n<p style=\"text-align: justify;\">\u00c1ngel Polibio C\u00f3rdova, presidente ejecutivo de Cedatos, present\u00f3 los resultados de la encuesta realizada a 2.168 personas en Quito y Guayaquil.<\/p>\n<p style=\"text-align: justify;\">Seg\u00fan el sondeo, un 73% est\u00e1 de acuerdo con la forma de gobernar de Correa.<\/p>\n<p style=\"text-align: justify;\">C\u00f3rdova sostuvo que en los \u00faltimos 7 a\u00f1os, Rafael Correa ha tenido un promedio de 62% de aprobaci\u00f3n a su gesti\u00f3n, \u201cun fen\u00f3meno at\u00edpico, pero ha sido la t\u00f3nica en nuestro pa\u00eds en comparaci\u00f3n a otras naciones de la regi\u00f3n\u201d, dijo.<\/p>\n<p style=\"text-align: justify;\">Otro aspecto que se valor\u00f3 fue la gesti\u00f3n de Gobierno Nacional en general, en donde un 57% de ciudadanos la aprueba, mientras que el 43% opina lo contrario.<\/p>\n<p style=\"text-align: justify;\">En cuanto al personaje del a\u00f1o en el pa\u00eds, Rafael Correa obtuvo un 30%, seguido por la Selecci\u00f3n Nacional de F\u00fatbol con un 12% y Jaime Nebot con un 9%.<\/p>\n<p style=\"text-align: justify;\">En cambio, a nivel mundial, el Papa Francisco fue el m\u00e1s votado con un 21%, seguido del Presidente de los Estados Unidos, Barack Obama, con un 10% y en tercer lugar se encuentra Rafael Correa con un 9%.<\/p>\n<p style=\"text-align: justify;\">Para los ecuatorianos, el acontecimiento del a\u00f1o fue la reanudaci\u00f3n de las relaciones diplom\u00e1ticas entre Cuba y Estados Unidos con 17%, seguido por el brote de \u00c9bola con un 15%, y el Mundial de F\u00fatbol realizado en Brasil con un 14%.\u00a0El Tel\u00e9grafo<\/p>\n","protected":false},"excerpt":{"rendered":"<p>La gesti\u00f3n del presidente del Rafael Correa culmina en este a\u00f1o con un nivel de aprobaci\u00f3n del 60%, seg\u00fan una<\/p>\n","protected":false},"author":1,"featured_media":0,"comment_status":"open","ping_status":"open","sticky":false,"template":"","format":"standard","meta":{"footnotes":""},"categories":[1],"tags":[],"_links":{"self":[{"href":"https:\/\/www.ecuadoraldia.com.ec\/index.php?rest_route=\/wp\/v2\/posts\/6818"}],"collection":[{"href":"https:\/\/www.ecuadoraldia.com.ec\/index.php?rest_route=\/wp\/v2\/posts"}],"about":[{"href":"https:\/\/www.ecuadoraldia.com.ec\/index.php?rest_route=\/wp\/v2\/types\/post"}],"author":[{"embeddable":true,"href":"https:\/\/www.ecuadoraldia.com.ec\/index.php?rest_route=\/wp\/v2\/users\/1"}],"replies":[{"embeddable":true,"href":"https:\/\/www.ecuadoraldia.com.ec\/index.php?rest_route=%2Fwp%2Fv2%2Fcomments&post=6818"}],"version-history":[{"count":3,"href":"https:\/\/www.ecuadoraldia.com.ec\/index.php?rest_route=\/wp\/v2\/posts\/6818\/revisions"}],"predecessor-version":[{"id":6822,"href":"https:\/\/www.ecuadoraldia.com.ec\/index.php?rest_route=\/wp\/v2\/posts\/6818\/revisions\/6822"}],"wp:attachment":[{"href":"https:\/\/www.ecuadoraldia.com.ec\/index.php?rest_route=%2Fwp%2Fv2%2Fmedia&parent=6818"}],"wp:term":[{"taxonomy":"category","embeddable":true,"href":"https:\/\/www.ecuadoraldia.com.ec\/index.php?rest_route=%2Fwp%2Fv2%2Fcategories&post=6818"},{"taxonomy":"post_tag","embeddable":true,"href":"https:\/\/www.ecuadoraldia.com.ec\/index.php?rest_route=%2Fwp%2Fv2%2Ftags&post=6818"}],"curies":[{"name":"wp","href":"https:\/\/api.w.org\/{rel}","templated":true}]}}