{"id":6823,"date":"2014-12-29T23:13:48","date_gmt":"2014-12-29T23:13:48","guid":{"rendered":"http:\/\/www.ecuadoraldia.com.ec\/?p=6823"},"modified":"2014-12-29T23:13:48","modified_gmt":"2014-12-29T23:13:48","slug":"quienes-invadan-el-carril-de-la-metrovia-deberan-pagar-340-de-multa","status":"publish","type":"post","link":"https:\/\/www.ecuadoraldia.com.ec\/?p=6823","title":{"rendered":"Quienes invadan el carril de la metrov\u00eda deber\u00e1n pagar $340 de multa"},"content":{"rendered":"<p style=\"text-align: justify;\"><a href=\"http:\/\/www.ecuadoraldia.com.ec\/wp-content\/uploads\/2014\/12\/metroviaq.jpg\"><img loading=\"lazy\" decoding=\"async\" class=\"alignleft size-medium wp-image-6824\" src=\"http:\/\/www.ecuadoraldia.com.ec\/wp-content\/uploads\/2014\/12\/metroviaq-300x172.jpg\" alt=\"metroviaq\" width=\"300\" height=\"172\" srcset=\"https:\/\/www.ecuadoraldia.com.ec\/wp-content\/uploads\/2014\/12\/metroviaq-300x172.jpg 300w, https:\/\/www.ecuadoraldia.com.ec\/wp-content\/uploads\/2014\/12\/metroviaq.jpg 408w\" sizes=\"(max-width: 300px) 100vw, 300px\" \/><\/a>El Concejo del Municipio de Guayaquil aprob\u00f3 este lunes, en segundo debate, la reforma a la ordenanza que reglamenta el sistema de transporte Metrov\u00eda.<\/p>\n<p style=\"text-align: justify;\">Se estableci\u00f3 que aquellos conductores que invadan el carril exclusivo del servicio deber\u00e1n pagar una multa equivalente a un salario b\u00e1sico ($340). Actualmente la sanci\u00f3n es de $ 34.<\/p>\n<p style=\"text-align: justify;\">La aplicaci\u00f3n del incremento en la multa ser\u00e1 a partir de febrero pr\u00f3ximo. Se exonerar\u00e1 a quienes demuestren alg\u00fan tipo de emergencia (incendio, transporte de heridos, etc).<\/p>\n","protected":false},"excerpt":{"rendered":"<p>El Concejo del Municipio de Guayaquil aprob\u00f3 este lunes, en segundo debate, la reforma a la ordenanza que reglamenta el<\/p>\n","protected":false},"author":1,"featured_media":0,"comment_status":"open","ping_status":"open","sticky":false,"template":"","format":"standard","meta":{"footnotes":""},"categories":[9,14],"tags":[],"_links":{"self":[{"href":"https:\/\/www.ecuadoraldia.com.ec\/index.php?rest_route=\/wp\/v2\/posts\/6823"}],"collection":[{"href":"https:\/\/www.ecuadoraldia.com.ec\/index.php?rest_route=\/wp\/v2\/posts"}],"about":[{"href":"https:\/\/www.ecuadoraldia.com.ec\/index.php?rest_route=\/wp\/v2\/types\/post"}],"author":[{"embeddable":true,"href":"https:\/\/www.ecuadoraldia.com.ec\/index.php?rest_route=\/wp\/v2\/users\/1"}],"replies":[{"embeddable":true,"href":"https:\/\/www.ecuadoraldia.com.ec\/index.php?rest_route=%2Fwp%2Fv2%2Fcomments&post=6823"}],"version-history":[{"count":1,"href":"https:\/\/www.ecuadoraldia.com.ec\/index.php?rest_route=\/wp\/v2\/posts\/6823\/revisions"}],"predecessor-version":[{"id":6825,"href":"https:\/\/www.ecuadoraldia.com.ec\/index.php?rest_route=\/wp\/v2\/posts\/6823\/revisions\/6825"}],"wp:attachment":[{"href":"https:\/\/www.ecuadoraldia.com.ec\/index.php?rest_route=%2Fwp%2Fv2%2Fmedia&parent=6823"}],"wp:term":[{"taxonomy":"category","embeddable":true,"href":"https:\/\/www.ecuadoraldia.com.ec\/index.php?rest_route=%2Fwp%2Fv2%2Fcategories&post=6823"},{"taxonomy":"post_tag","embeddable":true,"href":"https:\/\/www.ecuadoraldia.com.ec\/index.php?rest_route=%2Fwp%2Fv2%2Ftags&post=6823"}],"curies":[{"name":"wp","href":"https:\/\/api.w.org\/{rel}","templated":true}]}}