{"id":6829,"date":"2014-12-29T23:25:24","date_gmt":"2014-12-29T23:25:24","guid":{"rendered":"http:\/\/www.ecuadoraldia.com.ec\/?p=6829"},"modified":"2014-12-29T23:25:24","modified_gmt":"2014-12-29T23:25:24","slug":"pandora-cantara-en-quito-en-febrero-2015","status":"publish","type":"post","link":"https:\/\/www.ecuadoraldia.com.ec\/?p=6829","title":{"rendered":"Pandora cantar\u00e1 en Quito en febrero 2015"},"content":{"rendered":"<p style=\"text-align: justify;\"><a href=\"http:\/\/www.ecuadoraldia.com.ec\/wp-content\/uploads\/2014\/12\/Pandora.jpg\"><img loading=\"lazy\" decoding=\"async\" class=\"alignleft size-medium wp-image-6830\" src=\"http:\/\/www.ecuadoraldia.com.ec\/wp-content\/uploads\/2014\/12\/Pandora-300x199.jpg\" alt=\"Pandora\" width=\"300\" height=\"199\" srcset=\"https:\/\/www.ecuadoraldia.com.ec\/wp-content\/uploads\/2014\/12\/Pandora-300x199.jpg 300w, https:\/\/www.ecuadoraldia.com.ec\/wp-content\/uploads\/2014\/12\/Pandora.jpg 450w\" sizes=\"(max-width: 300px) 100vw, 300px\" \/><\/a>El tr\u00edo musical femenino mexicano Pandora visitar\u00e1 Quito en febrero del 2015 y se presentar\u00e1, el pr\u00f3ximo d\u00eda 6, en el Teatro \u00c1gora de la Casa de la Cultura Ecuatoriana desde las 20:30.<\/p>\n<p style=\"text-align: justify;\">El anuncio lo hizo la plataforma de venta de entradas Ticketshow, anunciando los precios de los boletos: Top Box ($ 120), VIP ($75) y Preferencia ($40).<\/p>\n<p style=\"text-align: justify;\">Las integrantes originales del tr\u00edo son Isabel Lascurain, Mar\u00eda Teresa Lascurain y Fernanda Meade. Las dos primeras son hermanas y la \u00faltima es amiga de la infancia de \u00e9stas a la que consideran desde siempre \u00abprima\u00bb. El g\u00e9nero musical de Pandora es la balada rom\u00e1ntica, y la m\u00fasica mexicana.<\/p>\n<p style=\"text-align: justify;\">La canci\u00f3n que identifica al grupo, su canci\u00f3n s\u00edmbolo, es una composici\u00f3n del cantante y compositor nicarag\u00fcense Hernaldo Z\u00fa\u00f1iga titulada \u00ab\u00bfC\u00f3mo te va mi amor?\u00bb, la cual en 1987 estuvo nominada al Grammy en la categor\u00eda Pop Latino y a finales de 2007 fue incluida en el conteo del canal VH1 de Las 100 grandiosas canciones de los 80 en espa\u00f1ol, siendo ubicada en el n\u00famero 16.<\/p>\n<p style=\"text-align: justify;\">Su padrino art\u00edstico es el tenor continental Pedro Vargas, a quien las Pandoras llamaban t\u00edo de cari\u00f1o.<\/p>\n<p style=\"text-align: justify;\">El grupo tiene m\u00e1s de ocho millones de copias vendidas de su discograf\u00eda original. Pandora ha recibido 32 discos de oro y 14 de platino por altas ventas en el continente. (El telegrafo)<\/p>\n<p><iframe loading=\"lazy\" width=\"800\" height=\"600\" src=\"https:\/\/www.youtube.com\/embed\/nXhnJxhafCk?feature=oembed\" frameborder=\"0\" allowfullscreen><\/iframe><\/p>\n","protected":false},"excerpt":{"rendered":"<p>El tr\u00edo musical femenino mexicano Pandora visitar\u00e1 Quito en febrero del 2015 y se presentar\u00e1, el pr\u00f3ximo d\u00eda 6, en<\/p>\n","protected":false},"author":1,"featured_media":0,"comment_status":"open","ping_status":"open","sticky":false,"template":"","format":"standard","meta":{"footnotes":""},"categories":[1],"tags":[],"_links":{"self":[{"href":"https:\/\/www.ecuadoraldia.com.ec\/index.php?rest_route=\/wp\/v2\/posts\/6829"}],"collection":[{"href":"https:\/\/www.ecuadoraldia.com.ec\/index.php?rest_route=\/wp\/v2\/posts"}],"about":[{"href":"https:\/\/www.ecuadoraldia.com.ec\/index.php?rest_route=\/wp\/v2\/types\/post"}],"author":[{"embeddable":true,"href":"https:\/\/www.ecuadoraldia.com.ec\/index.php?rest_route=\/wp\/v2\/users\/1"}],"replies":[{"embeddable":true,"href":"https:\/\/www.ecuadoraldia.com.ec\/index.php?rest_route=%2Fwp%2Fv2%2Fcomments&post=6829"}],"version-history":[{"count":1,"href":"https:\/\/www.ecuadoraldia.com.ec\/index.php?rest_route=\/wp\/v2\/posts\/6829\/revisions"}],"predecessor-version":[{"id":6831,"href":"https:\/\/www.ecuadoraldia.com.ec\/index.php?rest_route=\/wp\/v2\/posts\/6829\/revisions\/6831"}],"wp:attachment":[{"href":"https:\/\/www.ecuadoraldia.com.ec\/index.php?rest_route=%2Fwp%2Fv2%2Fmedia&parent=6829"}],"wp:term":[{"taxonomy":"category","embeddable":true,"href":"https:\/\/www.ecuadoraldia.com.ec\/index.php?rest_route=%2Fwp%2Fv2%2Fcategories&post=6829"},{"taxonomy":"post_tag","embeddable":true,"href":"https:\/\/www.ecuadoraldia.com.ec\/index.php?rest_route=%2Fwp%2Fv2%2Ftags&post=6829"}],"curies":[{"name":"wp","href":"https:\/\/api.w.org\/{rel}","templated":true}]}}