{"id":683,"date":"2013-09-06T22:02:57","date_gmt":"2013-09-06T22:02:57","guid":{"rendered":"http:\/\/www.ecuadoraldia.com.ec\/?p=683"},"modified":"2013-09-06T22:02:57","modified_gmt":"2013-09-06T22:02:57","slug":"obama-insiste-en-invasion-putin-defendera-a-siria","status":"publish","type":"post","link":"https:\/\/www.ecuadoraldia.com.ec\/?p=683","title":{"rendered":"Obama insiste en invasi\u00f3n; Putin defender\u00e1 a Siria"},"content":{"rendered":"<figure id=\"attachment_684\" aria-describedby=\"caption-attachment-684\" style=\"width: 294px\" class=\"wp-caption alignleft\"><a href=\"http:\/\/www.ecuadoraldia.com.ec\/wp-content\/uploads\/2013\/09\/obama_y_putin.jpg\"><img loading=\"lazy\" decoding=\"async\" class=\"size-full wp-image-684\" alt=\"en la gr{afica los mandatarios de EE UU y Rusia\" src=\"http:\/\/www.ecuadoraldia.com.ec\/wp-content\/uploads\/2013\/09\/obama_y_putin.jpg\" width=\"294\" height=\"207\" \/><\/a><figcaption id=\"caption-attachment-684\" class=\"wp-caption-text\">foto internet<\/figcaption><\/figure>\n<p>El presidente de Rusia, Vladimir Putin (d, primera fila), pasa frente a su hom\u00f3logo de EE.UU., Barack Obama (i), momentos antes de la foto de familia de los l\u00edderes y ministros de Exteriores de la cumbre del G20. Foto: EFE<br \/>\nEl presidente de Rusia, Vladimir Putin (d, primera fila), pasa frente a su hom\u00f3logo de EE.UU., Barack Obama (i), momentos antes de la foto de familia de los l\u00edderes y ministros de Exteriores de la cumbre del G20. Foto: EFE<\/p>\n<p>Los presidentes de Rusia y de Estados Unidos, Vladimir Putin y Barack Obama, respectivamente, se reunieron este viernes para hablar sobre Siria al margen de la cumbre de jefes de Estado del G20, pero mantuvieron sus divergencias respecto a este tema.<\/p>\n<p>\u00abLa conversaci\u00f3n fue constructiva, significativa, cordial. Cada uno mantuvo su posici\u00f3n\u00bb, declar\u00f3 Putin en una conferencia al final de la cumbre que se llev\u00f3 a cabo en San Petersburgo.<\/p>\n<p>Afirm\u00f3 que Mosc\u00fa ayudar\u00e1 al pa\u00eds \u00e1rabe en caso de un ataque militar exterior. \u00ab\u00bfQue si vamos a ayudar a Siria? S\u00ed\u00bb, sostuvo el Jefe del Kremlin en respuesta a una pregunta de la prensa. A\u00f1adi\u00f3: \u00abRusia vende armas a Siria, tenemos fuertes lazos econ\u00f3micos. Siria es nuestro socio estrat\u00e9gico\u00bb.<\/p>\n<p>Pero confi\u00f3 \u00aben que habr\u00e1 m\u00e1s cooperaci\u00f3n en el \u00e1mbito humanitario incluido los suministros de ayuda a la poblaci\u00f3n civil que est\u00e1 en una situaci\u00f3n muy dif\u00edcil\u00bb.<\/p>\n<p>Respecto a los planes de Washington de lanzar un \u00abataque limitado\u00bb, Putin sostuvo que \u00e9ste s\u00f3lo cuenta con el respaldo de cinco pa\u00edses del grupo. Enumer\u00f3 as\u00ed a Francia, Canad\u00e1, Turqu\u00eda, Arabia Saud\u00ed y el Reino Unido, aunque destac\u00f3 que el Parlamento de este \u00faltimo pa\u00eds \u00abatendiendo a la voluntad del pueblo\u00bb manifest\u00f3 su rechazo a una acci\u00f3n militar.<\/p>\n<p>Indic\u00f3 que los que \u00abestuvieron categ\u00f3ricamente en contra (de la guerra) son: China, India, Indonesia (&#8230;), Argentina, Brasil, Sud\u00e1frica e Italia\u00bb. Sobre Alemania dijo que act\u00faa con cautela y \u00abno tiene intenci\u00f3n de participar\u00bb.<\/p>\n<p>Putin resalt\u00f3 que incluso en los pa\u00edses que apoyan la acci\u00f3n militar contra Damasco la opini\u00f3n p\u00fablica rechaza esos planes. Subray\u00f3 que el papa Francisco tambi\u00e9n ha expresado su oposici\u00f3n.<\/p>\n<p>Obama hablar\u00e1 a los estadounidenses el martes<\/p>\n<p>De su lado, el mandatario estadounidense tambi\u00e9n dijo que el encuentro con su hom\u00f3logo ruso fue \u00abconstructivo y cordial\u00bb, pero a\u00f1adi\u00f3 que \u00abno esperaba que nos pusi\u00e9ramos de acuerdo sobre el tema\u00bb.<\/p>\n<p>Insisti\u00f3 en que \u00abdebe haber una respuesta firme y medidas serias\u00bb para castigar el supuesto uso de armas qu\u00edmicas por parte del r\u00e9gimen de Bashar Al Asad, pues se\u00f1al\u00f3 que son un peligro para toda la regi\u00f3n. Agreg\u00f3 que el \u00abconflicto subyacente s\u00f3lo podr\u00e1 resolverse a trav\u00e9s de una transici\u00f3n pol\u00edtica\u00bb y que para ello hay que trabajar en conjunto.<\/p>\n<p>Obama anunci\u00f3, adem\u00e1s, que se dirigir\u00e1 en un mensaje a la naci\u00f3n el martes y asegur\u00f3 que fue elegido \u00abpara poner fin a las guerras, y no para comenzarlas, pero el mundo no puede permanecer con los brazos cruzados\u00bb.<\/p>\n<p>De su lado, el secretario general de Naciones Unidas, Ban Ki-moon, les advirti\u00f3 a los l\u00edderes mundiales que una acci\u00f3n militar contra dicho pa\u00eds ser\u00eda \u00abimprudente\u00bb y podr\u00eda tener \u00abconsecuencias tr\u00e1gicas\u00bb.<\/p>\n<p>Mientras que el primer ministro brit\u00e1nico, David Cameron, no excluye acciones sin el mandato de una resoluci\u00f3n del Consejo de Seguridad de la ONU. \u00abSer\u00e1 mejor con resoluci\u00f3n, pero no se puede excluir acciones si no se logra \u00ab, apunt\u00f3 hoy.<\/p>\n<p>En tanto que el presidente franc\u00e9s, Fran\u00e7ois Hollande, afirm\u00f3 que est\u00e1 a la espera del Congreso y el Senado de EEUU., pero tambi\u00e9n del informe de la ONU. \u00abComo resultado de todo esto, tomar\u00e9 una decisi\u00f3n. Me dirigir\u00e9 al pueblo y la anunciar\u00e9\u00bb, dijo.(El Telegrafo)<\/p>\n","protected":false},"excerpt":{"rendered":"<p>El presidente de Rusia, Vladimir Putin (d, primera fila), pasa frente a su hom\u00f3logo de EE.UU., Barack Obama (i), momentos<\/p>\n","protected":false},"author":1,"featured_media":0,"comment_status":"open","ping_status":"open","sticky":false,"template":"","format":"standard","meta":{"footnotes":""},"categories":[7],"tags":[],"_links":{"self":[{"href":"https:\/\/www.ecuadoraldia.com.ec\/index.php?rest_route=\/wp\/v2\/posts\/683"}],"collection":[{"href":"https:\/\/www.ecuadoraldia.com.ec\/index.php?rest_route=\/wp\/v2\/posts"}],"about":[{"href":"https:\/\/www.ecuadoraldia.com.ec\/index.php?rest_route=\/wp\/v2\/types\/post"}],"author":[{"embeddable":true,"href":"https:\/\/www.ecuadoraldia.com.ec\/index.php?rest_route=\/wp\/v2\/users\/1"}],"replies":[{"embeddable":true,"href":"https:\/\/www.ecuadoraldia.com.ec\/index.php?rest_route=%2Fwp%2Fv2%2Fcomments&post=683"}],"version-history":[{"count":1,"href":"https:\/\/www.ecuadoraldia.com.ec\/index.php?rest_route=\/wp\/v2\/posts\/683\/revisions"}],"predecessor-version":[{"id":685,"href":"https:\/\/www.ecuadoraldia.com.ec\/index.php?rest_route=\/wp\/v2\/posts\/683\/revisions\/685"}],"wp:attachment":[{"href":"https:\/\/www.ecuadoraldia.com.ec\/index.php?rest_route=%2Fwp%2Fv2%2Fmedia&parent=683"}],"wp:term":[{"taxonomy":"category","embeddable":true,"href":"https:\/\/www.ecuadoraldia.com.ec\/index.php?rest_route=%2Fwp%2Fv2%2Fcategories&post=683"},{"taxonomy":"post_tag","embeddable":true,"href":"https:\/\/www.ecuadoraldia.com.ec\/index.php?rest_route=%2Fwp%2Fv2%2Ftags&post=683"}],"curies":[{"name":"wp","href":"https:\/\/api.w.org\/{rel}","templated":true}]}}