{"id":6837,"date":"2014-12-30T23:25:07","date_gmt":"2014-12-30T23:25:07","guid":{"rendered":"http:\/\/www.ecuadoraldia.com.ec\/?p=6837"},"modified":"2014-12-30T23:25:07","modified_gmt":"2014-12-30T23:25:07","slug":"14-dolares-de-incremento-al-salario-para-2015","status":"publish","type":"post","link":"https:\/\/www.ecuadoraldia.com.ec\/?p=6837","title":{"rendered":"14 d\u00f3lares de incremento al salario para 2015"},"content":{"rendered":"<figure id=\"attachment_6838\" aria-describedby=\"caption-attachment-6838\" style=\"width: 300px\" class=\"wp-caption alignleft\"><a href=\"http:\/\/www.ecuadoraldia.com.ec\/wp-content\/uploads\/2014\/12\/SALARIO.jpg\"><img loading=\"lazy\" decoding=\"async\" class=\"size-medium wp-image-6838\" src=\"http:\/\/www.ecuadoraldia.com.ec\/wp-content\/uploads\/2014\/12\/SALARIO-300x168.jpg\" alt=\"El Ministro explic\u00f3 este martes los par\u00e1metros utilizados para el alza salarial que rige a partir del jueves 1 de enero del 2015\" width=\"300\" height=\"168\" srcset=\"https:\/\/www.ecuadoraldia.com.ec\/wp-content\/uploads\/2014\/12\/SALARIO-300x168.jpg 300w, https:\/\/www.ecuadoraldia.com.ec\/wp-content\/uploads\/2014\/12\/SALARIO.jpg 450w\" sizes=\"(max-width: 300px) 100vw, 300px\" \/><\/a><figcaption id=\"caption-attachment-6838\" class=\"wp-caption-text\">El Ministro explic\u00f3 este martes los par\u00e1metros utilizados para el alza salarial que rige a partir del jueves 1 de enero del 2015 para el sector privado<\/figcaption><\/figure>\n<p style=\"text-align: justify;\">El anuncio lo hizo este martes el ministro de Trabajo, Carlos Marx Carrasco. El Ministro dijo que la fijaci\u00f3n se realiz\u00f3 sobre la base de la inflaci\u00f3n proyectada para el pr\u00f3ximo a\u00f1o seg\u00fan los datos pproporcionados por el banco central del ecuador y el Ministerio de Finanzas. El salario b\u00e1sico unificado (SBU), que regir\u00e1 desde el 1 de enero del pr\u00f3ximo a\u00f1o, ser\u00e1 de $354. Esto representa un incremento de $ 14 (4,11%), para una poblaci\u00f3n de 564.468 trabajadores del sector privado, equivalente al 17 por ciento<\/p>\n<p style=\"text-align: justify;\">El Gobierno fij\u00f3 este monto,en vista de que los representantes de los trabajadores y empleadores no lograron un acuerdo durante la reuni\u00f3n sostenida en el Consejo Nacional de Salarios (Conades), liderado por Xavier Estupi\u00f1\u00e1n.<\/p>\n<p style=\"text-align: justify;\">El sector laboral del pa\u00eds plante\u00f3 incrementar $ 30, esto es el 9% de aumento al b\u00e1sico que est\u00e1 vigente ($ 340). Mientras que el representante de los empleadores plante\u00f3 una elevaci\u00f3n m\u00e1xima de $ 13,26, esto es un aumento del 3,9%.<\/p>\n<p style=\"text-align: justify;\">En el pa\u00eds, el 83% de los trabajadores en relaci\u00f3n de dependencia supera al SBU, recalca un comunicado del Ministerio de Trabajo. A\u00f1ade que este a\u00f1o por primera vez se logr\u00f3 acuerdos un\u00e1nimes en las 21 comisiones, en lo referente a remuneraciones m\u00ednimas sectoriales:<\/p>\n<p style=\"text-align: justify;\">Marx se\u00f1al\u00f3 que en la telefon\u00eda m\u00f3vil se registrar\u00e1 un incremento del 87% el pr\u00f3ximo a\u00f1o, es decir $ 634, respecto al salario b\u00e1sico de 2014.<\/p>\n<p style=\"text-align: justify;\">El salario b\u00e1sico del Ecuador es uno de los m\u00e1s altos de Am\u00e9rica Latina, ubic\u00e1ndose por encima de los percibidos en Venezuela, Per\u00fa, Colombia, Bolivia, Brasil.<\/p>\n<p style=\"text-align: justify;\">En reiteradas ocasiones el presidente de la Rep\u00fablica, Rafael Correa, ha sostenido que lo que se ha buscado siempre es que los ecuatorianos tengan un salario digno, que cubra sus necesidades.<\/p>\n<p style=\"text-align: justify;\">En este sentido el salario b\u00e1sico unificado pas\u00f3 de $170 en 2007 a $ 340 en este a\u00f1o que culmina, lo que significa un incremento del 100%.<\/p>\n<p style=\"text-align: justify;\">Mes\u00edas Tatamuez, Presidente de la Confederaci\u00f3n Ecuatoriana de Organizaciones Clasistas Unitarias de Trabajadores, CEDOCUT, dijo que el alza salarial implementada por el gobierno no les sorprende; porque para la dirigencia laboral ha sido un calbario todo los a\u00f1os tratar de lograr consensos con los empleadores a fin de alcanzar un salario digno y acorde con el costo de la canasta b\u00e1sica familiar, que en la actualidad supera los 600 d\u00f3lares.<\/p>\n<p style=\"text-align: justify;\">\u00abHosotros hemos propuesto f\u00f3rmulas para alcanzar el costo de la canasta familiar, por ejemplo, dijo, en la \u00e9poca del ministro Antonio Gagliardo, el gobierno del Presidente Correa, present\u00f3 una propuesta para que en 5 a\u00f1os y de forma progresiva se vaya incrementando el sueldo de los trabajadores, hasta alcanzar el costo de la canasta b\u00e1sica familiar, sin embargo el acuerdo no se concret\u00f3\u00bb.<\/p>\n<p style=\"text-align: justify;\">Tatamuez, reiter\u00f3 que hace a\u00f1os firmaron un acuerdo con los productores para controlar los precios de los art\u00edculos de primera necesidad y tambi\u00e9n incumplieron, porque no les interes\u00f3 mantener congelados los precios.<\/p>\n<p style=\"text-align: justify;\">El dirigente laboral propone que se cree un organismo que durante todo el a\u00f1o realice un estudio sobre empleo y desempleo y que ademas controle los precios de los productos de primera necesidad. El gobierno tiene la \u00faltima palabra en esto subray\u00f3, porque los empresarios unca pierden, por un lado nos aumentan 14 d\u00f3lares y por otro lado nos quitan ese incremento atrav\u00e9s del incremento de precios.<\/p>\n","protected":false},"excerpt":{"rendered":"<p>El anuncio lo hizo este martes el ministro de Trabajo, Carlos Marx Carrasco. El Ministro dijo que la fijaci\u00f3n se<\/p>\n","protected":false},"author":1,"featured_media":0,"comment_status":"open","ping_status":"open","sticky":false,"template":"","format":"standard","meta":{"footnotes":""},"categories":[1],"tags":[],"_links":{"self":[{"href":"https:\/\/www.ecuadoraldia.com.ec\/index.php?rest_route=\/wp\/v2\/posts\/6837"}],"collection":[{"href":"https:\/\/www.ecuadoraldia.com.ec\/index.php?rest_route=\/wp\/v2\/posts"}],"about":[{"href":"https:\/\/www.ecuadoraldia.com.ec\/index.php?rest_route=\/wp\/v2\/types\/post"}],"author":[{"embeddable":true,"href":"https:\/\/www.ecuadoraldia.com.ec\/index.php?rest_route=\/wp\/v2\/users\/1"}],"replies":[{"embeddable":true,"href":"https:\/\/www.ecuadoraldia.com.ec\/index.php?rest_route=%2Fwp%2Fv2%2Fcomments&post=6837"}],"version-history":[{"count":1,"href":"https:\/\/www.ecuadoraldia.com.ec\/index.php?rest_route=\/wp\/v2\/posts\/6837\/revisions"}],"predecessor-version":[{"id":6839,"href":"https:\/\/www.ecuadoraldia.com.ec\/index.php?rest_route=\/wp\/v2\/posts\/6837\/revisions\/6839"}],"wp:attachment":[{"href":"https:\/\/www.ecuadoraldia.com.ec\/index.php?rest_route=%2Fwp%2Fv2%2Fmedia&parent=6837"}],"wp:term":[{"taxonomy":"category","embeddable":true,"href":"https:\/\/www.ecuadoraldia.com.ec\/index.php?rest_route=%2Fwp%2Fv2%2Fcategories&post=6837"},{"taxonomy":"post_tag","embeddable":true,"href":"https:\/\/www.ecuadoraldia.com.ec\/index.php?rest_route=%2Fwp%2Fv2%2Ftags&post=6837"}],"curies":[{"name":"wp","href":"https:\/\/api.w.org\/{rel}","templated":true}]}}