{"id":6843,"date":"2014-12-30T23:33:09","date_gmt":"2014-12-30T23:33:09","guid":{"rendered":"http:\/\/www.ecuadoraldia.com.ec\/?p=6843"},"modified":"2014-12-30T23:33:09","modified_gmt":"2014-12-30T23:33:09","slug":"al-menos-13-muertos-en-accidente-de-bus-en-la-via-guarumales-mendez","status":"publish","type":"post","link":"https:\/\/www.ecuadoraldia.com.ec\/?p=6843","title":{"rendered":"Al menos 13 muertos en accidente de bus en la v\u00eda Guarumales-M\u00e9ndez"},"content":{"rendered":"<figure id=\"attachment_6844\" aria-describedby=\"caption-attachment-6844\" style=\"width: 300px\" class=\"wp-caption alignleft\"><a href=\"http:\/\/www.ecuadoraldia.com.ec\/wp-content\/uploads\/2014\/12\/HOSPITALMACAS.jpg\"><img loading=\"lazy\" decoding=\"async\" class=\"size-medium wp-image-6844\" src=\"http:\/\/www.ecuadoraldia.com.ec\/wp-content\/uploads\/2014\/12\/HOSPITALMACAS-300x155.jpg\" alt=\"Algunos heridos fueron trasladados a un hospital en M\u00e9ndez. Foto: @Ecu911Macas\" width=\"300\" height=\"155\" srcset=\"https:\/\/www.ecuadoraldia.com.ec\/wp-content\/uploads\/2014\/12\/HOSPITALMACAS-300x155.jpg 300w, https:\/\/www.ecuadoraldia.com.ec\/wp-content\/uploads\/2014\/12\/HOSPITALMACAS.jpg 450w\" sizes=\"(max-width: 300px) 100vw, 300px\" \/><\/a><figcaption id=\"caption-attachment-6844\" class=\"wp-caption-text\">Algunos heridos fueron trasladados a un hospital en M\u00e9ndez. Foto: @Ecu911Macas<\/figcaption><\/figure>\n<p style=\"text-align: justify;\">Las v\u00edctimas fueron identificadas como: Juan Eduardo Perazo; Toapanta Trojano; Angel Isidro Vallejo Monta\u00f1o; Jaime Gerardo Morocho; Alberto Escorza Chuquimarca; Edison David Morales Barreara; Hugo Rueda; Patricio Vera C\u00f3rdova; M\u00f3nica Magda Mart\u00ednez Valencia; Nicolai Alison Vallejo Mart\u00ednez; Darwin Galora, y 2 personas \u00aba\u00fan si reconocer\u00bb, public\u00f3 la oficina zonal en la red social.<\/p>\n<p style=\"text-align: justify;\">Seg\u00fan la informaci\u00f3n preliminar, el bus pertenec\u00eda a una compa\u00f1\u00eda de transporte privado, Cooperativa Unidos, que perdi\u00f3 pista y volc\u00f3. El veh\u00edculo transportaba alrededor de 30 personas.<\/p>\n<p style=\"text-align: justify;\">En declaraciones al canal estatal ECTV, Fernando Figueroa, funcionario del Sistema Integrado de Seguridad ECU 911, dijo que el transporte \u00abse precipit\u00f3 a orillas del r\u00edo Bomboiza\u00bb, recoge la agencia AFP.<\/p>\n<p style=\"text-align: justify;\">Como parte de la respuesta a la emergencia, el ECU 911 Macas coordin\u00f3 con Polic\u00eda Nacional, Cuerpo de Bomberos, Fuerzas Armadas y Ministerio de Salud P\u00fablica, a fin de brindar una atenci\u00f3n oportuna a las personas afectadas, quienes fueron trasladadas a varios hospitales.<\/p>\n<p style=\"text-align: justify;\">Seg\u00fan la Coordinaci\u00f3n Zonal 6, nueve de las v\u00edctimas murieron en el lugar del accidente, 3 en el hospital de M\u00e9ndez, y 1 mientras era trasladada v\u00eda a\u00e9rea a la ciudad de Cuenca. (El tel\u00e9grafo)<\/p>\n","protected":false},"excerpt":{"rendered":"<p>Las v\u00edctimas fueron identificadas como: Juan Eduardo Perazo; Toapanta Trojano; Angel Isidro Vallejo Monta\u00f1o; Jaime Gerardo Morocho; Alberto Escorza Chuquimarca;<\/p>\n","protected":false},"author":1,"featured_media":0,"comment_status":"open","ping_status":"open","sticky":false,"template":"","format":"standard","meta":{"footnotes":""},"categories":[11,1],"tags":[],"_links":{"self":[{"href":"https:\/\/www.ecuadoraldia.com.ec\/index.php?rest_route=\/wp\/v2\/posts\/6843"}],"collection":[{"href":"https:\/\/www.ecuadoraldia.com.ec\/index.php?rest_route=\/wp\/v2\/posts"}],"about":[{"href":"https:\/\/www.ecuadoraldia.com.ec\/index.php?rest_route=\/wp\/v2\/types\/post"}],"author":[{"embeddable":true,"href":"https:\/\/www.ecuadoraldia.com.ec\/index.php?rest_route=\/wp\/v2\/users\/1"}],"replies":[{"embeddable":true,"href":"https:\/\/www.ecuadoraldia.com.ec\/index.php?rest_route=%2Fwp%2Fv2%2Fcomments&post=6843"}],"version-history":[{"count":1,"href":"https:\/\/www.ecuadoraldia.com.ec\/index.php?rest_route=\/wp\/v2\/posts\/6843\/revisions"}],"predecessor-version":[{"id":6845,"href":"https:\/\/www.ecuadoraldia.com.ec\/index.php?rest_route=\/wp\/v2\/posts\/6843\/revisions\/6845"}],"wp:attachment":[{"href":"https:\/\/www.ecuadoraldia.com.ec\/index.php?rest_route=%2Fwp%2Fv2%2Fmedia&parent=6843"}],"wp:term":[{"taxonomy":"category","embeddable":true,"href":"https:\/\/www.ecuadoraldia.com.ec\/index.php?rest_route=%2Fwp%2Fv2%2Fcategories&post=6843"},{"taxonomy":"post_tag","embeddable":true,"href":"https:\/\/www.ecuadoraldia.com.ec\/index.php?rest_route=%2Fwp%2Fv2%2Ftags&post=6843"}],"curies":[{"name":"wp","href":"https:\/\/api.w.org\/{rel}","templated":true}]}}